{"id":319,"date":"2014-11-07T22:36:08","date_gmt":"2014-11-07T20:36:08","guid":{"rendered":"http:\/\/renaissanceinstitute.eu\/v1\/?p=319"},"modified":"2015-05-03T21:04:57","modified_gmt":"2015-05-03T18:04:57","slug":"genclik-kurulusu-mu-turizm-acentasi-mi","status":"publish","type":"post","link":"http:\/\/www.ronesans.org.tr\/v3\/genclik-kurulusu-mu-turizm-acentasi-mi\/","title":{"rendered":"Gen\u00e7lik Kurulu\u015fu mu Turizm Acentas\u0131 m\u0131"},"content":{"rendered":"<p>Merhabalar,<\/p>\n<p>Erasmus+ Program\u0131 ve programa ili\u015fkin ilk k\u0131lavuz bildi\u011finiz gibi Aral\u0131k 2013\u2019te yay\u0131nlanm\u0131\u015f ve Avrupa Komisyonu\u2019nun bu kadar gecikmesi gen\u00e7lik kurulu\u015flar\u0131n\u0131n tepkilerine yol a\u00e7m\u0131\u015ft\u0131. Oysa tek geciken Komisyon de\u011fildi. Ulusal Ajanslar yeniden yap\u0131lanma s\u00fcre\u00e7leri ve program k\u0131lavuzunda net olmayan konular\u0131 yeterince tart\u0131\u015fma f\u0131rsat\u0131 bulamadan ilk ba\u015fvuru tarihi gelip \u00e7atm\u0131\u015f oldu. \u00dcstelik ba\u011f\u0131ms\u0131z de\u011ferlendiriciler ne Erasmus+ program\u0131n\u0131n ne de Avrupa 2020 stratejisinin getirdi\u011fi de\u011fi\u015fikliklerin fark\u0131nda de\u011fildi. Ba\u015fvuru de\u011ferlendirme s\u00fcreci uzad\u0131k\u00e7a uzad\u0131, pek \u00e7ok gen\u00e7lik kurulu\u015fu faaliyetlerini ertelemek zorunda kald\u0131 ve nihayet ancak 3. ba\u015fvuru d\u00f6neminden sonra 1. ba\u015fvuru d\u00f6neminde yap\u0131lan ba\u015fvurular\u0131n sonu\u00e7lar\u0131 a\u00e7\u0131klanabildi.<!--more--><\/p>\n<p>T\u00fcrkiye\u2019de devletin yava\u015f hareket etmesine al\u0131\u015f\u0131k oldu\u011fumuz i\u00e7in \u00e7ok yad\u0131rgamad\u0131k, aksakl\u0131klar\u0131 kabul ettik. Ge\u00e7i\u015f s\u00fcrecinde olur b\u00f6yle \u015feyler dedik. Hadi devlet bu kadar yava\u015f adapte oldu ama pek de\u011ferli gen\u00e7lik kurulu\u015flar\u0131m\u0131z ne oldu?<\/p>\n<p>D\u00fcn sosyal medyada \u015f\u00f6yle bir mesaj okudum:<\/p>\n<p>\u201c\u00c7OK AC\u0130L !<br \/>\n24 KASIM 30 KASIM 2014 tarihleri aras\u0131nda ITALYA n\u0131n Sardinya kentinde yap\u0131lacak olan bir Gen\u00e7lik De\u011fi\u015fim Projesine YE\u015e\u0130L PASAPORTLU 7 Kat\u0131l\u0131mc\u0131<br \/>\nCV ler: XXXXXXXX@hotmail.com\u201d<\/p>\n<p>Bir gen\u00e7lik kurulu\u015funun proje amac\u0131 yazmadan, projede uygulanmas\u0131 planlanan faaliyetlerden\u00a0s\u00f6z etmeden hatta projenin temas\u0131n\u0131 bile s\u00f6ylemeden KATILIMCI aramas\u0131 benim i\u00e7in \u00e7ok garipti. \u00c7\u00fcnk\u00fc kat\u0131l\u0131mc\u0131n\u0131n kat\u0131labilmesi i\u00e7in \u00f6n ko\u015ful kat\u0131laca\u011f\u0131 faaliyetin en az\u0131ndan temas\u0131n\u0131-amac\u0131n\u0131 bilmesidir. Bahse konu ilan bu temel prensibi \u00e7i\u011fnerken KATILIMCILARA hangi \u015fehire gideceklerini s\u00f6ylemeyi ihmal etmiyor ama! \u00d6yle ya konu neden \u00f6nemli ki, tabi ki tatilin -pardon \u00f6\u011frenme odakl\u0131 bir e\u011fitsel faaliyetin- nerede ger\u00e7ekle\u015fece\u011fi herkes i\u00e7in daha \u00f6nemli. Neyse ki y\u0131llard\u0131r T\u00fcrkiye\u2019de gen\u00e7lik \u00e7al\u0131\u015fan\u0131 olarak pek \u00e7ok meslekta\u015f\u0131mla tan\u0131\u015f\u0131yorum ve pek \u00e7ok gen\u00e7lik kurulu\u015funu tan\u0131yorum da bu durumu \u00e7ok yad\u0131rgamad\u0131m. Eskiden de b\u00f6yle yaparlad\u0131!<\/p>\n<p>Peki Erasmus+ ile gelen yenilik neydi? Nedir Gen\u00e7lik kurulu\u015flar\u0131n\u0131 haz\u0131rl\u0131ks\u0131z yakalayan durum? \u0130nan\u0131n bunu ben de \u00e7\u00f6zemiyorum ama bu y\u0131l gen\u00e7lik \u00e7al\u0131\u015fanlar\u0131nda ortakl\u0131klar\u0131 zaman\u0131nda kuramama, proje faaliyetlerini \u00f6nceden planlayamama durumu s\u00f6z konusu olacak ki \u00c7OK AC\u0130L 7 KATILIMCI aramak zorunda kal\u0131yorlar. Eskiden 40 y\u0131lda 1, bir kat\u0131l\u0131mc\u0131n\u0131n ola\u011fan \u00fcst\u00fc durumu olurdu da onun yerine kat\u0131l\u0131mc\u0131 aran\u0131rd\u0131. Ola\u011fan \u00fcst\u00fc durumlar hari\u00e7 t\u00fcm proje tak\u0131m\u0131 \u00e7ok \u00f6nceden belirlenir, faaliyet \u00f6ncesi haz\u0131rl\u0131k yap\u0131l\u0131r, kat\u0131l\u0131mc\u0131lara uygulama \u00f6ncesi bir usulen de olsa bir e\u011fitim verilerek AB Gen\u00e7lik Program\u0131\u2019n\u0131n \u00f6zelliklerinden bahsedilirdi. Kat\u0131l\u0131mc\u0131lar yola \u00e7\u0131kmadan \u00f6nce bir tak\u0131m olurlar ve tecr\u00fcbeli bir gen\u00e7lik \u00e7al\u0131\u015fan\u0131n\u0131n grup liderli\u011finde \u00f6\u011frenme hedefli e\u011fitim hareketlili\u011fi ger\u00e7ekle\u015firdi. Hal b\u00f6yle olunca t\u00fcm dezavantajlar\u0131na ra\u011fmen her gen\u00e7 haz\u0131rlanmak i\u00e7in s\u00fcre bulur, gen\u00e7lik kurulu\u015flar\u0131 dezavantajl\u0131 gen\u00e7lerin b\u00f6yle uluslararas\u0131 hareketliliklerden yararlanabilmesi i\u00e7in ekstra enerji sarf ederdi.<\/p>\n<p>Oysa Erasmus+ ile i\u015fler ne g\u00fczel olmu\u015f, de\u011fil mi? \u201c\u00c7ok acil 7 ye\u015fil pasaportlu kat\u0131l\u0131mc\u0131\u201d\u2026 Ben gen\u00e7lik \u00e7al\u0131\u015fan\u0131 olarak bu durumda kalmak istemezdim. \u00c7ok utan\u0131rd\u0131m. Utan\u0131rd\u0131m \u00e7\u00fcnk\u00fc; dezavatanjl\u0131 gen\u00e7lere e\u015fit f\u0131rsat sunamam\u0131\u015f olurdum; kat\u0131lacak gen\u00e7leri iyi haz\u0131rlayamad\u0131\u011f\u0131m i\u00e7in \u00f6\u011frenme s\u00fcrecinin ger\u00e7ekle\u015fmeyece\u011fini d\u00fc\u015f\u00fcn\u00fcrd\u00fcm; projenin hedefini-temas\u0131n\u0131 bilmeyen kat\u0131l\u0131mc\u0131 g\u00f6ndermenin orta\u011f\u0131 oldu\u011fum kuruma b\u00fcy\u00fck sayg\u0131s\u0131zl\u0131k oldu\u011funu bilirdim. San\u0131r\u0131m Erasmus+ ile bunlar de\u011fi\u015fmi\u015f. Gen\u00e7lik kurulu\u015flar\u0131 turizm acentas\u0131 olmu\u015f.<\/p>\n<p>Not 1: Yukar\u0131daki ilan, 2014 y\u0131l\u0131 i\u00e7erisinde g\u00f6rd\u00fc\u011f\u00fcm bir ka\u00e7 y\u00fcz ilandan sadece bir tanesidir.<br \/>\nNot 2: Y\u0131llarca sevgili dostum \u00d6zg\u00fcr Ya\u015far \u00a0AKYAR, No-Visa kampanyas\u0131 ile bo\u015funa yorulmu\u015f. Gen\u00e7lik \u00e7al\u0131\u015fanlar\u0131n\u0131n hedef kitlesi sadece ye\u015fil pasaportlu gen\u00e7ler olunca vize gibi bir dert\u00a0kalm\u0131yormu\u015f. Ke\u015fke onca eme\u011fi ve zaman\u0131 ki\u015fisel serveti i\u00e7in ay\u0131rsaym\u0131\u015f.<\/p>\n","protected":false},"excerpt":{"rendered":"<p>Merhabalar, Erasmus+ Program\u0131 ve programa ili\u015fkin ilk k\u0131lavuz bildi\u011finiz gibi Aral\u0131k 2013\u2019te yay\u0131nlanm\u0131\u015f ve Avrupa Komisyonu\u2019nun bu kadar gecikmesi gen\u00e7lik kurulu\u015flar\u0131n\u0131n tepkilerine yol a\u00e7m\u0131\u015ft\u0131. Oysa tek geciken Komisyon de\u011fildi. Ulusal Ajanslar yeniden yap\u0131lanma s\u00fcre\u00e7leri ve [&hellip;]<\/p>\n","protected":false},"author":1,"featured_media":579,"comment_status":"open","ping_status":"open","sticky":false,"template":"","format":"standard","meta":{"spay_email":"","jetpack_publicize_message":"","jetpack_is_tweetstorm":false,"jetpack_publicize_feature_enabled":true},"categories":[4],"tags":[62,68,23,69,64,71,72,70],"jetpack_featured_media_url":"https:\/\/i0.wp.com\/www.ronesans.org.tr\/v3\/wp-content\/uploads\/2014\/11\/10943707_10153063156624233_6214116037674963349_o.jpg?fit=851%2C315","jetpack_publicize_connections":[],"jetpack_sharing_enabled":true,"jetpack-related-posts":[{"id":142,"url":"http:\/\/www.ronesans.org.tr\/v3\/erasmus-plusta-degisen-genclik-programi\/","url_meta":{"origin":319,"position":0},"title":"Erasmus Plus&#8217;ta De\u011fi\u015fen Gen\u00e7lik Program\u0131","date":"14 July 2014","format":false,"excerpt":"Merhabalar, Ulusal Ajans ile yapt\u0131\u011f\u0131m bir ka\u00e7 g\u00f6r\u00fc\u015fmeden \u00e7\u0131kard\u0131\u011f\u0131m sonu\u00e7lar\u0131 payla\u015fmak istedim. \u00d6ncelikle ba\u015fvuru de\u011ferlendirmede illerin \u00e7e\u015ftilili\u011fi ilkesi ve ilk defa ba\u015fvuru yapanlara destek verme ilkesi kald\u0131r\u0131lm\u0131\u015f g\u00f6r\u00fcn\u00fcyor. Bu pek \u00e7ok arkada\u015f\u0131n can\u0131n\u0131 s\u0131kacak olabilir ama ben uzun vadede kalitenin artaca\u011f\u0131na, tek ki\u015filik STK'lar\u0131n kapanaca\u011f\u0131na ve tak\u0131m olarak \u00e7al\u0131\u015fman\u0131n \u00f6nem\u2026","rel":"","context":"In &quot;Publications&quot;","img":{"alt_text":"","src":"","width":0,"height":0},"classes":[]},{"id":1071,"url":"http:\/\/www.ronesans.org.tr\/v3\/kirsaldaki-gencler-icin-insan-haklari-projesi-takim-arkadaslari-ariyor\/","url_meta":{"origin":319,"position":1},"title":"K\u0131rsaldaki Gen\u00e7ler \u0130\u00e7in \u0130nsan Haklar\u0131 Projesi Tak\u0131m Arkada\u015flar\u0131 Ar\u0131yor","date":"10 April 2016","format":false,"excerpt":"R\u00f6nesans Enstit\u00fcs\u00fc, Avrupa Komisyonu'nun Erasmus+ Program\u0131 kapsam\u0131nda \"Gen\u00e7lik Kurulu\u015flar\u0131 i\u00e7in Kapasite Artt\u0131rma\" t\u00fcr\u00fcndeki \"K\u0131rsaldaki Gen\u00e7ler i\u00e7in \u0130nsan Haklar\u0131\" projesinde T\u00fcrkiye'yi temsil etmektedir. Proje, eylem ara\u015ft\u0131rmas\u0131 (action research) metodunun kullan\u0131lmas\u0131 yoluyla k\u0131rsalda ya\u015fayan \u00e7ocuk ve gen\u00e7ler i\u00e7in yenilik\u00e7i insan haklar\u0131 e\u011fitim metodolojisi \u00fcretilmesini \u00f6ng\u00f6rmektedir. Projemizin Ankara'n\u0131n merkez d\u0131\u015f\u0131 il\u00e7elerinde y\u00fcr\u00fct\u00fclecek ara\u015ft\u0131rma,\u2026","rel":"","context":"In &quot;Human Rights Education for Rural Youth&quot;","img":{"alt_text":"human rights education for rural youth project","src":"https:\/\/i0.wp.com\/www.ronesans.org.tr\/v3\/wp-content\/uploads\/2016\/04\/1.png?fit=940%2C788&resize=350%2C200","width":350,"height":200},"classes":[]},{"id":1374,"url":"http:\/\/www.ronesans.org.tr\/v3\/tool-me-up-projesi-icin-katilimcilar-araniyor\/","url_meta":{"origin":319,"position":2},"title":"Tool M&amp;E Up! Projesi \u0130\u00e7in Kat\u0131l\u0131mc\u0131lar Aran\u0131yor","date":"28 March 2017","format":false,"excerpt":"21-28 May\u0131s 2017\/ 27 A\u011fustos- 2 Eyl\u00fcl 2017, Romania Proje \u00d6zeti Erasmus + kapsam\u0131nda 7 \u00fclkeden kat\u0131l\u0131m sa\u011flayacak partnerlerin ortak ihtiya\u00e7lar\u0131 g\u00f6z \u00f6n\u00fcnde bulundurularak haz\u0131rlanm\u0131\u015f olan Tool M&E Up! projesinde \u00fclkemizi R\u00f6nesans Enstit\u00fcs\u00fc Derne\u011fi temsil edecektir. Gen\u00e7ler i\u00e7in \u00f6\u011frenme etkinliklerinin tasarlanmas\u0131 ve uygulanmas\u0131 s\u00fcre\u00e7lerinin kalitesinin artt\u0131r\u0131lmas\u0131na y\u00f6nelik \u00e7al\u0131\u015fmalar\u0131n y\u00fcr\u00fct\u00fclece\u011fi projede,\u2026","rel":"","context":"In &quot;Announcements&quot;","img":{"alt_text":"","src":"https:\/\/i0.wp.com\/www.ronesans.org.tr\/v3\/wp-content\/uploads\/2017\/03\/monitoring.jpg?fit=900%2C450&resize=350%2C200","width":350,"height":200},"classes":[]},{"id":1583,"url":"http:\/\/www.ronesans.org.tr\/v3\/lets-talk-about-us-projesi-katilimci-cagrisi\/","url_meta":{"origin":319,"position":3},"title":"Let&#8217;s Talk About Us Projesi Kat\u0131l\u0131mc\u0131 \u00c7a\u011fr\u0131s\u0131","date":"7 September 2018","format":false,"excerpt":"Erasmus+ \u00e7at\u0131s\u0131 alt\u0131nda, uygulay\u0131c\u0131 olarak Ana and Vlade Divac Foundation ve d\u00f6rt farkl\u0131 \u00fclkenin ortakla\u015ft\u0131\u011f\u0131 \u201cYouth Bank Hub for Western Balkan and Turkey\u201d projesinin alt projesi olarak ger\u00e7ekle\u015ftirilecek olan Let\u2019s Talk About Us projesinin kat\u0131l\u0131mc\u0131 ba\u015fvurular\u0131 ba\u015flam\u0131\u015ft\u0131r. Let\u2019s Talk About Us projesi kapsam\u0131nda, T\u00fcrkiye\u2019de do\u011fmu\u015f ve halen ya\u015famakta olan gen\u00e7ler\u2026","rel":"","context":"In &quot;Announcements&quot;","img":{"alt_text":"","src":"https:\/\/i0.wp.com\/www.ronesans.org.tr\/v3\/wp-content\/uploads\/2018\/09\/lets-talk.jpeg?fit=1080%2C1080&resize=350%2C200","width":350,"height":200},"classes":[]},{"id":982,"url":"http:\/\/www.ronesans.org.tr\/v3\/euromed-projesine-katilim-icin-genclik-calisanlari-araniyor\/","url_meta":{"origin":319,"position":4},"title":"EuroMed Projesine Kat\u0131l\u0131m i\u00e7in Gen\u00e7lik \u00c7al\u0131\u015fanlar\u0131 Aran\u0131yor!","date":"23 December 2015","format":false,"excerpt":"Katalonya Ulusal Gen\u00e7lik Konseyi (National Youth Council of Catalonia) taraf\u0131ndan ba\u015fvurusu yap\u0131lm\u0131\u015f\u00a0FOR YOUTH COOPERATION ACROSS THE MEDITERRANEAN isimli projemiz kabul edilmi\u015ftir! Bu proje, Akdeniz'in iki havzas\u0131ndan gen\u00e7lik \u00e7al\u0131\u015fanlar\u0131n\u0131;\u00a0gen\u00e7lik \u00f6rg\u00fctleri ve gen\u00e7lik meclislerinin ayr\u0131mc\u0131l\u0131\u011fa, yabanc\u0131 d\u00fc\u015fmanl\u0131\u011f\u0131na, artan \u0131rk\u00e7\u0131 ayaklanmalara kar\u015f\u0131 koymak i\u00e7in\u00a0\u00a0oynayabilece\u011fi rol\u00fc tart\u0131\u015fmak \u00fczere biraraya getirmeyi\u00a0ama\u00e7lamaktad\u0131r. Bu proje kapsam\u0131nda 2\u2026","rel":"","context":"In &quot;Announcements&quot;","img":{"alt_text":"","src":"","width":0,"height":0},"classes":[]},{"id":1687,"url":"http:\/\/www.ronesans.org.tr\/v3\/avrupa-genclik-stratejisi-2019-2027-avrupa-genclik-hedefleri\/","url_meta":{"origin":319,"position":5},"title":"Avrupa Gen\u00e7lik Stratejisi 2019-2027 &#8211; Avrupa Gen\u00e7lik Hedefleri","date":"27 November 2020","format":false,"excerpt":"2014-2020 y\u0131llar\u0131 aras\u0131nda uygulamada olan Erasmus+ Program\u0131 \u00e7er\u00e7evesinde geli\u015ftirilen Erasmus+ Gen\u00e7lik Hedef ve \u00d6ncelikleri (http:\/\/www.ronesans.org.tr\/v3\/erasmus-genclik-programinda-hedef-ve-oncelikler\/) 2018 y\u0131l\u0131 itibariyle tekrar \u015fekillendirildi. Avrupa Komisyonu taraf\u0131ndan y\u00fcr\u00fct\u00fclen gen\u00e7lerin de kat\u0131l\u0131m sa\u011flad\u0131klar\u0131 politika d\u00fczeyindeki \u00e7al\u0131\u015fmalar neticesinde 2019-2027 y\u0131llar\u0131n\u0131 kapsayan Avrupa Gen\u00e7lik Stratejisi bir ba\u015fka isimle Avrupa Gen\u00e7lik Hedefleri duyuruldu. Avrupa Komisyonu'nun ba\u015fta hibe destekleri\u2026","rel":"","context":"In &quot;Publications&quot;","img":{"alt_text":"","src":"","width":0,"height":0},"classes":[]}],"_links":{"self":[{"href":"http:\/\/www.ronesans.org.tr\/v3\/wp-json\/wp\/v2\/posts\/319"}],"collection":[{"href":"http:\/\/www.ronesans.org.tr\/v3\/wp-json\/wp\/v2\/posts"}],"about":[{"href":"http:\/\/www.ronesans.org.tr\/v3\/wp-json\/wp\/v2\/types\/post"}],"author":[{"embeddable":true,"href":"http:\/\/www.ronesans.org.tr\/v3\/wp-json\/wp\/v2\/users\/1"}],"replies":[{"embeddable":true,"href":"http:\/\/www.ronesans.org.tr\/v3\/wp-json\/wp\/v2\/comments?post=319"}],"version-history":[{"count":2,"href":"http:\/\/www.ronesans.org.tr\/v3\/wp-json\/wp\/v2\/posts\/319\/revisions"}],"predecessor-version":[{"id":471,"href":"http:\/\/www.ronesans.org.tr\/v3\/wp-json\/wp\/v2\/posts\/319\/revisions\/471"}],"wp:featuredmedia":[{"embeddable":true,"href":"http:\/\/www.ronesans.org.tr\/v3\/wp-json\/wp\/v2\/media\/579"}],"wp:attachment":[{"href":"http:\/\/www.ronesans.org.tr\/v3\/wp-json\/wp\/v2\/media?parent=319"}],"wp:term":[{"taxonomy":"category","embeddable":true,"href":"http:\/\/www.ronesans.org.tr\/v3\/wp-json\/wp\/v2\/categories?post=319"},{"taxonomy":"post_tag","embeddable":true,"href":"http:\/\/www.ronesans.org.tr\/v3\/wp-json\/wp\/v2\/tags?post=319"}],"curies":[{"name":"wp","href":"https:\/\/api.w.org\/{rel}","templated":true}]}}