{"id":423,"date":"2015-03-02T10:19:42","date_gmt":"2015-03-02T08:19:42","guid":{"rendered":"http:\/\/renaissanceinstitute.eu\/v1\/?p=423"},"modified":"2015-03-02T10:19:42","modified_gmt":"2015-03-02T08:19:42","slug":"agh-varis-sonrasi-egitimi-slovakyada-gerceklestirildi","status":"publish","type":"post","link":"http:\/\/www.ronesans.org.tr\/v3\/agh-varis-sonrasi-egitimi-slovakyada-gerceklestirildi\/","title":{"rendered":"AGH Var\u0131\u015f Sonras\u0131 E\u011fitimi Slovakya\u2019da ger\u00e7ekle\u015ftirildi"},"content":{"rendered":"<p>Slovakya Ayr\u0131l\u0131\u015f Sonras\u0131 E\u011fitimi 25 \u015eubat-1 Mart tarihleri aras\u0131nda \u0160a\u013ea\u00a0\u015fehrinde yap\u0131ld\u0131. E\u011fitime dokuz \u00fclkeden toplam 17 g\u00f6n\u00fcll\u00fc kat\u0131ld\u0131. Ulusal Ajans taraf\u0131ndan ger\u00e7ekle\u015ftirilen organizasyona derne\u011fimizin denetim kurulu \u00fcyesi ve AGH g\u00f6n\u00fcll\u00fcs\u00fc Sad\u0131k Demirba\u011f da kat\u0131ld\u0131.<\/p>\n<p>Yap\u0131lan e\u011fitimde, var\u0131\u015f sonras\u0131nda g\u00f6n\u00fcll\u00fclerin ya\u015fayabilece\u011fi sorunlar \u00fczerine de\u011finilirken, yap\u0131lan oryantasyon e\u011fitimleriyle g\u00f6n\u00fcll\u00fcler aras\u0131ndaki ileti\u015fim g\u00fc\u00e7lendirildi.<\/p>\n<p>E\u011fitim program\u0131nda kapsam\u0131nda g\u00f6n\u00fcll\u00fcler sa\u011fl\u0131k hakk\u0131, bar\u0131nma, izin g\u00fcnlerinin kullan\u0131m\u0131 hakk\u0131nda bilgilendirilirken, g\u00f6n\u00fcll\u00fcler yapt\u0131klar\u0131 afi\u015flerle projeleri hakk\u0131nda k\u0131sa bilgi verdiler.<\/p>\n<p><strong>Slovakya sunumu yap\u0131ld\u0131<\/strong><\/p>\n<p>Projeye ve Slovakya\u2019ya uyum s\u00fcrecinde mentorlerle g\u00f6n\u00fcll\u00fclerin ileti\u015fiminin \u00f6nemli oldu\u011funu belirten e\u011fitmenler, Slovakya hakk\u0131nda da geni\u015f bir sunum yapt\u0131lar.<\/p>\n","protected":false},"excerpt":{"rendered":"<p>Slovakya Ayr\u0131l\u0131\u015f Sonras\u0131 E\u011fitimi 25 \u015eubat-1 Mart tarihleri aras\u0131nda \u0160a\u013ea\u00a0\u015fehrinde yap\u0131ld\u0131. E\u011fitime dokuz \u00fclkeden toplam 17 g\u00f6n\u00fcll\u00fc kat\u0131ld\u0131. Ulusal Ajans taraf\u0131ndan ger\u00e7ekle\u015ftirilen organizasyona derne\u011fimizin denetim kurulu \u00fcyesi ve AGH g\u00f6n\u00fcll\u00fcs\u00fc Sad\u0131k Demirba\u011f da kat\u0131ld\u0131. Yap\u0131lan [&hellip;]<\/p>\n","protected":false},"author":6,"featured_media":424,"comment_status":"open","ping_status":"open","sticky":false,"template":"","format":"standard","meta":{"spay_email":"","jetpack_publicize_message":"","jetpack_is_tweetstorm":false,"jetpack_publicize_feature_enabled":true},"categories":[2],"tags":[87,50,97,96,90,95],"jetpack_featured_media_url":"https:\/\/i0.wp.com\/www.ronesans.org.tr\/v3\/wp-content\/uploads\/2015\/03\/11001824_10205209348985127_484600165514461507_n.jpg?fit=960%2C720","jetpack_publicize_connections":[],"jetpack_sharing_enabled":true,"jetpack-related-posts":[{"id":362,"url":"http:\/\/www.ronesans.org.tr\/v3\/agh-ayrilis-oncesi-egitimi-ankarada-yapildi\/","url_meta":{"origin":423,"position":0},"title":"AGH Ayr\u0131l\u0131\u015f \u00d6ncesi E\u011fitimi Ankara\u2019da yap\u0131ld\u0131","date":"17 December 2014","format":false,"excerpt":"AGH Ayr\u0131l\u0131\u015f \u00d6ncesi E\u011fitimi 13-14 Aral\u0131k tarihleri aras\u0131nda Ankara Barcelo Otel\u2019de ger\u00e7ekle\u015ftirildi. Ulusal Ajans taraf\u0131ndan ger\u00e7ekle\u015ftirilen organizasyona derne\u011fimizin denetim kurulu \u00fcyesi Sad\u0131k Demirba\u011f da kat\u0131ld\u0131. Ocak ay\u0131nda Slovakya\u2019n\u0131n Sobota \u015fehrine EVS g\u00f6n\u00fcll\u00fcs\u00fc olarak kat\u0131lacak olan \u00fcyemiz, bu \u015fehirde gen\u00e7 i\u015fsizli\u011fiyle m\u00fccadele konusunda faaliyetlerini s\u00fcrd\u00fcrecek. E\u011fitim program\u0131nda kapsam\u0131nda g\u00f6n\u00fcll\u00fcler AGH s\u00fcreci\u2026","rel":"","context":"In &quot;Announcements&quot;","img":{"alt_text":"","src":"https:\/\/i0.wp.com\/www.ronesans.org.tr\/v3\/wp-content\/uploads\/2014\/12\/ulusal-ajans.png?fit=1200%2C633&resize=350%2C200","width":350,"height":200},"classes":[]},{"id":867,"url":"http:\/\/www.ronesans.org.tr\/v3\/siginmacilar-ve-gocmenlere-yonelik-egitsel-faaliyetlerde-gorev-almak-isteyen-agh-gonullusu-araniyor\/","url_meta":{"origin":423,"position":1},"title":"S\u0131\u011f\u0131nmac\u0131lar ve G\u00f6\u00e7menlere Y\u00f6nelik E\u011fitsel Faaliyetlerde G\u00f6rev Almak \u0130steyen AGH G\u00f6n\u00fcll\u00fcs\u00fc Aran\u0131yor","date":"21 August 2015","format":false,"excerpt":"R\u00f6nesans Enstit\u00fcs\u00fc, Critas Sofia ve CVS Bulgaria ortakl\u0131\u011f\u0131nda Bulgaristan'\u0131n Sofya kentinde s\u0131\u011f\u0131nmac\u0131lar ve g\u00f6\u00e7menler i\u00e7in y\u00fcr\u00fct\u00fclen e\u011fitsel faaliyetlerde g\u00f6rev almak \u00fczere uzun d\u00f6nem Avrupa G\u00f6n\u00fcll\u00fc Hizmeti kapsam\u0131nda g\u00f6n\u00fcll\u00fc g\u00f6ndermek \u00fczere yetkilendirilmi\u015ftir. Critas Sofia, CVS Bulgaria, Red-Cross ve UNHCR ortakl\u0131\u011f\u0131 ile Sofya'da s\u0131\u011f\u0131nmac\u0131 ve g\u00f6\u00e7menler i\u00e7in e\u011fitsel faaliyetler d\u00fczenlenen 3 merkeze\u2026","rel":"","context":"In &quot;Announcements&quot;","img":{"alt_text":"","src":"https:\/\/i0.wp.com\/www.ronesans.org.tr\/v3\/wp-content\/uploads\/2015\/08\/10433159_906982349342596_3727362253923150103_n.jpg?fit=300%2C331&resize=350%2C200","width":350,"height":200},"classes":[]},{"id":734,"url":"http:\/\/www.ronesans.org.tr\/v3\/agh-gonullu-basvuru-ve-bilgi-edinme-sistemi\/","url_meta":{"origin":423,"position":2},"title":"AGH G\u00f6n\u00fcll\u00fc Ba\u015fvuru ve Bilgi Edinme Sistemi","date":"15 June 2015","format":false,"excerpt":"R\u00f6nesans Enstit\u00fcs\u00fc Derne\u011fi, Avrupa G\u00f6n\u00fcll\u00fc Hizmeti (AGH) faaliyetlerinde kullan\u0131lmak \u00fczere bir elektronik sistem haz\u0131rlad\u0131. \u00a0Bu sistem; AGH'ye gitmek isteyen\u00a0gencin program hakk\u0131nda bilgi alabilmesi veya zaten bilgi sahibiyse, ba\u015fvurunun hangi a\u015famas\u0131nda oldu\u011funu bilmesi ve ilgili ad\u0131mlar\u0131 takip edebilmesi amac\u0131yla yap\u0131ld\u0131. Sistemi kullanmak i\u00e7in t\u0131klay\u0131n\u0131z: http:\/\/goo.gl\/yjevmr \u00a0","rel":"","context":"In &quot;Announcements&quot;","img":{"alt_text":"Avrupa G\u00f6n\u00fcll\u00fc Hizmeti","src":"https:\/\/i0.wp.com\/www.ronesans.org.tr\/v3\/wp-content\/uploads\/2015\/06\/a8f15eda80c50adb0e71943adc8015cf_kecioren_belediyesi_151.png?fit=525%2C420&resize=350%2C200","width":350,"height":200},"classes":[]},{"id":978,"url":"http:\/\/www.ronesans.org.tr\/v3\/siginmaci-ve-gocmenlerle-dayanisma-konulu-agh-projemiz-kabul-edildi\/","url_meta":{"origin":423,"position":3},"title":"S\u0131\u011f\u0131nmac\u0131 ve G\u00f6\u00e7menlerle Dayan\u0131\u015fma Konulu AGH Projemiz Kabul Edildi","date":"16 December 2015","format":false,"excerpt":"R\u00f6nesans Enstit\u00fcs\u00fc, Critas Sofia ve CVS Bulgaria ortakl\u0131\u011f\u0131nda Bulgaristan'\u0131n Sofya kentinde s\u0131\u011f\u0131nmac\u0131lar ve g\u00f6\u00e7menler i\u00e7in y\u00fcr\u00fct\u00fclen e\u011fitsel faaliyetlerde g\u00f6rev almak \u00fczere uzun d\u00f6nem Avrupa G\u00f6n\u00fcll\u00fc Hizmeti kapsam\u0131nda g\u00f6n\u00fcll\u00fc g\u00f6ndermek \u00fczere ba\u015fvurusu yap\u0131lan projemiz Bulgaristan Ulusal Ajans\u0131 taraf\u0131ndan kabul edilmi\u015ftir. Critas Sofia, CVS Bulgaria, Red-Cross ve UNHCR ortakl\u0131\u011f\u0131 ile Sofya'da s\u0131\u011f\u0131nmac\u0131\u2026","rel":"","context":"In &quot;News&quot;","img":{"alt_text":"","src":"https:\/\/i0.wp.com\/www.ronesans.org.tr\/v3\/wp-content\/uploads\/2015\/08\/10433159_906982349342596_3727362253923150103_n.jpg?fit=300%2C331&resize=350%2C200","width":350,"height":200},"classes":[]},{"id":2253,"url":"http:\/\/www.ronesans.org.tr\/v3\/patras-yunanistanda-gerceklesen-egitim-semineri-deneyimlerim\/","url_meta":{"origin":423,"position":4},"title":"Patras\/Yunanistan&#8217;da ger\u00e7ekle\u015fen E\u011fitim Semineri Deneyimlerim","date":"29 May 2022","format":false,"excerpt":"15\u201422 May\u0131s tarihlerinde Yunanistan\u2019\u0131n Patras \u015fehrinde d\u00fczenlenen HER Projesine R\u00f6nesans Enstit\u00fcs\u00fc Derne\u011fi olarak Eda Merve \u00d6zt\u00fcrk, \u00d6zg\u00fcr Ya\u015far Akyar ve ben Muhammet Turgut olmak \u00fczere 3 kat\u0131l\u0131mc\u0131 ile kat\u0131ld\u0131k. HER projesinde T\u00fcrkiye, \u0130talya, Romanya ve Yunanistan olmak \u00fczere toplam 12 kat\u0131l\u0131mc\u0131 ile yer ald\u0131k. HRYO, FETICO, ASOC\u0130AT\u0130A NOVAPOL\u0130S ve R\u00d6NESANS\u2026","rel":"","context":"In &quot;Dijital D\u00f6n\u00fc\u015f\u00fcm ve Bilim&quot;","img":{"alt_text":"","src":"https:\/\/i0.wp.com\/www.ronesans.org.tr\/v3\/wp-content\/uploads\/2022\/05\/1.jpg?fit=767%2C1200&resize=350%2C200","width":350,"height":200},"classes":[]},{"id":341,"url":"http:\/\/www.ronesans.org.tr\/v3\/erasmus-genclik-programinda-hedef-ve-oncelikler\/","url_meta":{"origin":423,"position":5},"title":"Erasmus+ Gen\u00e7lik Program\u0131&#8217;nda Hedef ve \u00d6ncelikler","date":"26 November 2014","format":false,"excerpt":"Merhaba, 2007-2013 y\u0131llar\u0131 aras\u0131nda uygulanan AB Gen\u00e7lik Program\u0131'n\u0131n y\u0131ll\u0131k olarak yay\u0131nlanan Gen\u00e7lik Program\u0131 Klavuzlar\u0131'nda detayl\u0131ca a\u00e7\u0131klanm\u0131\u015f olan hedef ve \u00f6ncelikler b\u00f6l\u00fcm\u00fcn\u00fcn Erasmus+ klavuzlar\u0131nda yer almad\u0131\u011f\u0131 hepimizin dikkatini \u00e7ekmi\u015ftir. Esasen klavuzun giri\u015f b\u00f6l\u00fcm\u00fcnde Avrupa Komisyonu'nun stratejisinden bahsetmekle birlikte eski klavuzlarda yazd\u0131\u011f\u0131 gibi Avrupa Vatanda\u015fl\u0131\u011f\u0131, Gen\u00e7lerin Kat\u0131l\u0131m\u0131 gibi ba\u015fl\u0131klar bu yeni klavuzlarda\u2026","rel":"","context":"In &quot;Publications&quot;","img":{"alt_text":"","src":"https:\/\/i0.wp.com\/www.ronesans.org.tr\/v3\/wp-content\/uploads\/2014\/11\/2020.png?fit=811%2C471&resize=350%2C200","width":350,"height":200},"classes":[]}],"_links":{"self":[{"href":"http:\/\/www.ronesans.org.tr\/v3\/wp-json\/wp\/v2\/posts\/423"}],"collection":[{"href":"http:\/\/www.ronesans.org.tr\/v3\/wp-json\/wp\/v2\/posts"}],"about":[{"href":"http:\/\/www.ronesans.org.tr\/v3\/wp-json\/wp\/v2\/types\/post"}],"author":[{"embeddable":true,"href":"http:\/\/www.ronesans.org.tr\/v3\/wp-json\/wp\/v2\/users\/6"}],"replies":[{"embeddable":true,"href":"http:\/\/www.ronesans.org.tr\/v3\/wp-json\/wp\/v2\/comments?post=423"}],"version-history":[{"count":1,"href":"http:\/\/www.ronesans.org.tr\/v3\/wp-json\/wp\/v2\/posts\/423\/revisions"}],"predecessor-version":[{"id":425,"href":"http:\/\/www.ronesans.org.tr\/v3\/wp-json\/wp\/v2\/posts\/423\/revisions\/425"}],"wp:featuredmedia":[{"embeddable":true,"href":"http:\/\/www.ronesans.org.tr\/v3\/wp-json\/wp\/v2\/media\/424"}],"wp:attachment":[{"href":"http:\/\/www.ronesans.org.tr\/v3\/wp-json\/wp\/v2\/media?parent=423"}],"wp:term":[{"taxonomy":"category","embeddable":true,"href":"http:\/\/www.ronesans.org.tr\/v3\/wp-json\/wp\/v2\/categories?post=423"},{"taxonomy":"post_tag","embeddable":true,"href":"http:\/\/www.ronesans.org.tr\/v3\/wp-json\/wp\/v2\/tags?post=423"}],"curies":[{"name":"wp","href":"https:\/\/api.w.org\/{rel}","templated":true}]}}