{"id":734,"date":"2015-06-15T14:13:01","date_gmt":"2015-06-15T11:13:01","guid":{"rendered":"http:\/\/renaissanceinstitute.eu\/v1\/?p=734"},"modified":"2015-06-15T14:17:18","modified_gmt":"2015-06-15T11:17:18","slug":"agh-gonullu-basvuru-ve-bilgi-edinme-sistemi","status":"publish","type":"post","link":"http:\/\/www.ronesans.org.tr\/v3\/agh-gonullu-basvuru-ve-bilgi-edinme-sistemi\/","title":{"rendered":"AGH G\u00f6n\u00fcll\u00fc Ba\u015fvuru ve Bilgi Edinme Sistemi"},"content":{"rendered":"<p>R\u00f6nesans Enstit\u00fcs\u00fc Derne\u011fi, Avrupa G\u00f6n\u00fcll\u00fc Hizmeti (AGH) faaliyetlerinde kullan\u0131lmak \u00fczere bir elektronik sistem haz\u0131rlad\u0131. \u00a0Bu sistem; AGH&#8217;ye gitmek isteyen\u00a0gencin program hakk\u0131nda bilgi alabilmesi veya zaten bilgi sahibiyse, ba\u015fvurunun hangi a\u015famas\u0131nda oldu\u011funu bilmesi ve ilgili ad\u0131mlar\u0131 takip edebilmesi amac\u0131yla yap\u0131ld\u0131.<\/p>\n<p>Sistemi kullanmak i\u00e7in t\u0131klay\u0131n\u0131z: <a href=\"http:\/\/goo.gl\/yjevmr\">http:\/\/goo.gl\/yjevmr<\/a><\/p>\n<p>&nbsp;<\/p>\n","protected":false},"excerpt":{"rendered":"<p>R\u00f6nesans Enstit\u00fcs\u00fc Derne\u011fi, Avrupa G\u00f6n\u00fcll\u00fc Hizmeti (AGH) faaliyetlerinde kullan\u0131lmak \u00fczere bir elektronik sistem haz\u0131rlad\u0131. \u00a0Bu sistem; AGH&#8217;ye gitmek isteyen\u00a0gencin program hakk\u0131nda bilgi alabilmesi veya zaten bilgi sahibiyse, ba\u015fvurunun hangi a\u015famas\u0131nda oldu\u011funu bilmesi ve ilgili ad\u0131mlar\u0131 [&hellip;]<\/p>\n","protected":false},"author":6,"featured_media":735,"comment_status":"open","ping_status":"open","sticky":false,"template":"","format":"standard","meta":{"spay_email":"","jetpack_publicize_message":"","jetpack_is_tweetstorm":false,"jetpack_publicize_feature_enabled":true},"categories":[2,1],"tags":[87,127,126,86,125],"jetpack_featured_media_url":"https:\/\/i0.wp.com\/www.ronesans.org.tr\/v3\/wp-content\/uploads\/2015\/06\/a8f15eda80c50adb0e71943adc8015cf_kecioren_belediyesi_151.png?fit=525%2C420","jetpack_publicize_connections":[],"jetpack_sharing_enabled":true,"jetpack-related-posts":[{"id":835,"url":"http:\/\/www.ronesans.org.tr\/v3\/agh-kuruluslari-degerlendirme-toplantisi\/","url_meta":{"origin":734,"position":0},"title":"AGH Kurulu\u015flar\u0131 De\u011ferlendirme Toplant\u0131s\u0131","date":"29 July 2015","format":false,"excerpt":"22-24 Temmuz 2015 tarihleri aras\u0131nda Avrupa G\u00f6n\u00fcll\u00fc Hizmeti (AGH) akreditasyona sahip kurulu\u015flar, T\u00fcrkiye Ulusal Ajans\u0131 taraf\u0131ndan organize edilen bir de\u011ferlendirme toplant\u0131s\u0131yla bir araya geldiler. G\u00f6nderen organizasyon (SO) ve koordinat\u00f6r organizasyon (CO) olarak akreditasyonu bulunan R\u00f6nesans Enstit\u00fcs\u00fc Derne\u011fi de, Gen\u00e7lik Servisleri Program Koordinat\u00f6r\u00fc Hatice Y\u0131ld\u0131r\u0131m ile toplant\u0131ya kat\u0131l\u0131m sa\u011flam\u0131\u015ft\u0131r. Bu toplant\u0131n\u0131n\u00a0amac\u0131;\u2026","rel":"","context":"In &quot;Announcements&quot;","img":{"alt_text":"","src":"https:\/\/i0.wp.com\/www.ronesans.org.tr\/v3\/wp-content\/uploads\/2015\/07\/ff.jpg?fit=960%2C640&resize=350%2C200","width":350,"height":200},"classes":[]},{"id":423,"url":"http:\/\/www.ronesans.org.tr\/v3\/agh-varis-sonrasi-egitimi-slovakyada-gerceklestirildi\/","url_meta":{"origin":734,"position":1},"title":"AGH Var\u0131\u015f Sonras\u0131 E\u011fitimi Slovakya\u2019da ger\u00e7ekle\u015ftirildi","date":"2 March 2015","format":false,"excerpt":"Slovakya Ayr\u0131l\u0131\u015f Sonras\u0131 E\u011fitimi 25 \u015eubat-1 Mart tarihleri aras\u0131nda \u0160a\u013ea\u00a0\u015fehrinde yap\u0131ld\u0131. E\u011fitime dokuz \u00fclkeden toplam 17 g\u00f6n\u00fcll\u00fc kat\u0131ld\u0131. Ulusal Ajans taraf\u0131ndan ger\u00e7ekle\u015ftirilen organizasyona derne\u011fimizin denetim kurulu \u00fcyesi ve AGH g\u00f6n\u00fcll\u00fcs\u00fc Sad\u0131k Demirba\u011f da kat\u0131ld\u0131. Yap\u0131lan e\u011fitimde, var\u0131\u015f sonras\u0131nda g\u00f6n\u00fcll\u00fclerin ya\u015fayabilece\u011fi sorunlar \u00fczerine de\u011finilirken, yap\u0131lan oryantasyon e\u011fitimleriyle g\u00f6n\u00fcll\u00fcler aras\u0131ndaki ileti\u015fim g\u00fc\u00e7lendirildi.\u2026","rel":"","context":"In &quot;Announcements&quot;","img":{"alt_text":"","src":"https:\/\/i0.wp.com\/www.ronesans.org.tr\/v3\/wp-content\/uploads\/2015\/03\/11001824_10205209348985127_484600165514461507_n.jpg?fit=960%2C720&resize=350%2C200","width":350,"height":200},"classes":[]},{"id":867,"url":"http:\/\/www.ronesans.org.tr\/v3\/siginmacilar-ve-gocmenlere-yonelik-egitsel-faaliyetlerde-gorev-almak-isteyen-agh-gonullusu-araniyor\/","url_meta":{"origin":734,"position":2},"title":"S\u0131\u011f\u0131nmac\u0131lar ve G\u00f6\u00e7menlere Y\u00f6nelik E\u011fitsel Faaliyetlerde G\u00f6rev Almak \u0130steyen AGH G\u00f6n\u00fcll\u00fcs\u00fc Aran\u0131yor","date":"21 August 2015","format":false,"excerpt":"R\u00f6nesans Enstit\u00fcs\u00fc, Critas Sofia ve CVS Bulgaria ortakl\u0131\u011f\u0131nda Bulgaristan'\u0131n Sofya kentinde s\u0131\u011f\u0131nmac\u0131lar ve g\u00f6\u00e7menler i\u00e7in y\u00fcr\u00fct\u00fclen e\u011fitsel faaliyetlerde g\u00f6rev almak \u00fczere uzun d\u00f6nem Avrupa G\u00f6n\u00fcll\u00fc Hizmeti kapsam\u0131nda g\u00f6n\u00fcll\u00fc g\u00f6ndermek \u00fczere yetkilendirilmi\u015ftir. Critas Sofia, CVS Bulgaria, Red-Cross ve UNHCR ortakl\u0131\u011f\u0131 ile Sofya'da s\u0131\u011f\u0131nmac\u0131 ve g\u00f6\u00e7menler i\u00e7in e\u011fitsel faaliyetler d\u00fczenlenen 3 merkeze\u2026","rel":"","context":"In &quot;Announcements&quot;","img":{"alt_text":"","src":"https:\/\/i0.wp.com\/www.ronesans.org.tr\/v3\/wp-content\/uploads\/2015\/08\/10433159_906982349342596_3727362253923150103_n.jpg?fit=300%2C331&resize=350%2C200","width":350,"height":200},"classes":[]},{"id":1571,"url":"http:\/\/www.ronesans.org.tr\/v3\/call-for-participants-evs-project-recreation-and-art-for-social-mobility-of-urban-youth\/","url_meta":{"origin":734,"position":3},"title":"Call for Participants &#8211; EVS Project: Recreation and Art for Social Mobility of Urban Youth","date":"12 June 2018","format":false,"excerpt":"R\u00f6nesans Enstit\u00fcs\u00fc, \u0130talya Palermo'da 3 Eyl\u00fcl 2018-3 Haziran 2019 tarihleri aras\u0131nda Avrupa G\u00f6n\u00fcll\u00fc Hizmeti Projesi'nde kat\u0131l\u0131mc\u0131 olacak g\u00f6n\u00fcll\u00fc aramaktad\u0131r. Proje detaylar\u0131 i\u00e7in proje dosyas\u0131na bak\u0131n\u0131z. Proje Dosyas\u0131 Ba\u015fvuru i\u00e7in \u0130ngilizce haz\u0131rlanm\u0131\u015f Europass format\u0131nda \u00f6zge\u00e7mi\u015f ve projeye kat\u0131lma nedeninizi a\u00e7\u0131klayan \u0130ngilizce motivasyon mektubunuzu konu k\u0131sm\u0131nda Ref:EVS-IT18\/19 yazarak agh@ronesans.org.tr adresine eposta g\u00f6ndermeniz\u2026","rel":"","context":"In &quot;Projects&quot;","img":{"alt_text":"","src":"https:\/\/i0.wp.com\/www.ronesans.org.tr\/v3\/wp-content\/uploads\/2018\/06\/untitled-1.png?fit=1200%2C471&resize=350%2C200","width":350,"height":200},"classes":[]},{"id":978,"url":"http:\/\/www.ronesans.org.tr\/v3\/siginmaci-ve-gocmenlerle-dayanisma-konulu-agh-projemiz-kabul-edildi\/","url_meta":{"origin":734,"position":4},"title":"S\u0131\u011f\u0131nmac\u0131 ve G\u00f6\u00e7menlerle Dayan\u0131\u015fma Konulu AGH Projemiz Kabul Edildi","date":"16 December 2015","format":false,"excerpt":"R\u00f6nesans Enstit\u00fcs\u00fc, Critas Sofia ve CVS Bulgaria ortakl\u0131\u011f\u0131nda Bulgaristan'\u0131n Sofya kentinde s\u0131\u011f\u0131nmac\u0131lar ve g\u00f6\u00e7menler i\u00e7in y\u00fcr\u00fct\u00fclen e\u011fitsel faaliyetlerde g\u00f6rev almak \u00fczere uzun d\u00f6nem Avrupa G\u00f6n\u00fcll\u00fc Hizmeti kapsam\u0131nda g\u00f6n\u00fcll\u00fc g\u00f6ndermek \u00fczere ba\u015fvurusu yap\u0131lan projemiz Bulgaristan Ulusal Ajans\u0131 taraf\u0131ndan kabul edilmi\u015ftir. Critas Sofia, CVS Bulgaria, Red-Cross ve UNHCR ortakl\u0131\u011f\u0131 ile Sofya'da s\u0131\u011f\u0131nmac\u0131\u2026","rel":"","context":"In &quot;News&quot;","img":{"alt_text":"","src":"https:\/\/i0.wp.com\/www.ronesans.org.tr\/v3\/wp-content\/uploads\/2015\/08\/10433159_906982349342596_3727362253923150103_n.jpg?fit=300%2C331&resize=350%2C200","width":350,"height":200},"classes":[]},{"id":1397,"url":"http:\/\/www.ronesans.org.tr\/v3\/arnavutlukta-yaz-kampi-ve-gonullu-faaliyet\/","url_meta":{"origin":734,"position":5},"title":"Arnavutlukta Yaz Kamp\u0131 ve G\u00f6n\u00fcll\u00fc Faaliyet \u0130mkan\u0131","date":"30 May 2017","format":false,"excerpt":"Arnavutluk'ta hem yaz kamp\u0131 hem de \u00e7ocuklarla e\u011flenceli bir g\u00f6n\u00fcll\u00fc faaliyet ger\u00e7ekle\u015ftirmek isteyenler i\u00e7in bu y\u0131l onuncusu d\u00fczenlenen\u00a0Albania Summer Camp 2017'\u0131 sizlerle payla\u015fmak istiyoruz. Yeni arkada\u015flar edinebilece\u011finiz bu kampta Arnavutluk'un yedi farkl\u0131 turistik \u015fehrini gezerken Arnavutluk ve farkl\u0131 \u00fclkelerden gelecek kat\u0131l\u0131mc\u0131lar ile k\u00fclt\u00fcrel de\u011fi\u015fim imkan\u0131 bulacaks\u0131n\u0131z. Bunun yan\u0131nda kampta baz\u0131\u2026","rel":"","context":"In &quot;Announcements&quot;","img":{"alt_text":"","src":"","width":0,"height":0},"classes":[]}],"_links":{"self":[{"href":"http:\/\/www.ronesans.org.tr\/v3\/wp-json\/wp\/v2\/posts\/734"}],"collection":[{"href":"http:\/\/www.ronesans.org.tr\/v3\/wp-json\/wp\/v2\/posts"}],"about":[{"href":"http:\/\/www.ronesans.org.tr\/v3\/wp-json\/wp\/v2\/types\/post"}],"author":[{"embeddable":true,"href":"http:\/\/www.ronesans.org.tr\/v3\/wp-json\/wp\/v2\/users\/6"}],"replies":[{"embeddable":true,"href":"http:\/\/www.ronesans.org.tr\/v3\/wp-json\/wp\/v2\/comments?post=734"}],"version-history":[{"count":3,"href":"http:\/\/www.ronesans.org.tr\/v3\/wp-json\/wp\/v2\/posts\/734\/revisions"}],"predecessor-version":[{"id":738,"href":"http:\/\/www.ronesans.org.tr\/v3\/wp-json\/wp\/v2\/posts\/734\/revisions\/738"}],"wp:featuredmedia":[{"embeddable":true,"href":"http:\/\/www.ronesans.org.tr\/v3\/wp-json\/wp\/v2\/media\/735"}],"wp:attachment":[{"href":"http:\/\/www.ronesans.org.tr\/v3\/wp-json\/wp\/v2\/media?parent=734"}],"wp:term":[{"taxonomy":"category","embeddable":true,"href":"http:\/\/www.ronesans.org.tr\/v3\/wp-json\/wp\/v2\/categories?post=734"},{"taxonomy":"post_tag","embeddable":true,"href":"http:\/\/www.ronesans.org.tr\/v3\/wp-json\/wp\/v2\/tags?post=734"}],"curies":[{"name":"wp","href":"https:\/\/api.w.org\/{rel}","templated":true}]}}