{"id":852,"date":"2015-08-02T23:58:25","date_gmt":"2015-08-02T20:58:25","guid":{"rendered":"http:\/\/renaissanceinstitute.eu\/v1\/?p=852"},"modified":"2015-08-02T23:58:25","modified_gmt":"2015-08-02T20:58:25","slug":"euromed-projesine-katilimcilar-araniyor","status":"publish","type":"post","link":"http:\/\/www.ronesans.org.tr\/v3\/euromed-projesine-katilimcilar-araniyor\/","title":{"rendered":"EuroMed Projesine Kat\u0131l\u0131mc\u0131lar Aran\u0131yor!"},"content":{"rendered":"<p>Association of Educators in Human Rights (AHEAD)\u00a0taraf\u0131ndan organize edilen,\u00a0&#8220;Expressions in Dialogue&#8221; isimli EuroMed K\u00fclt\u00fcrleraras\u0131 Diyalog kursu projesi i\u00e7in 3 kat\u0131l\u0131mc\u0131 aranmaktad\u0131r.<\/p>\n<p>Gen\u00e7lik \u00e7al\u0131\u015fmalar\u0131nda Avrupa-Akdeniz k\u00fclt\u00fcrler aras\u0131 diyalog konulu e\u011fitim kursu projesi, 27 Eyl\u00fcl-3 Ekim\u00a02015 tarihleri aras\u0131nda Katalonya&#8217;n\u0131n Tarragona ve Barselona \u015fehirlerinde ger\u00e7ekle\u015fecektir.<\/p>\n<p>Projeye \u00a0ba\u015fvuru yapabilmek i\u00e7in; l\u00fctfen<strong>\u00a0<em>konu k\u0131sm\u0131nda Expressions in Dialogue<\/em><\/strong> yazan bir e-posta at\u0131n\u0131z: <strong>yildirim@renaissanceinstitute.eu<\/strong><\/p>\n<p>Son ba\u015fvuru tarihi: 10 A\u011fustos 2015 saat 17.00<\/p>\n<p><!--more--><\/p>\n<p><strong>The course in brief<\/strong><br \/>\nIntercultural dialogue has become one of the most pressing challenges of today&#8217;s Euro-Mediterranean area and the role of youth work bridging diverse communities is more necessary<br \/>\nthan ever.<br \/>\nExpressions in Dialogue will bring together a group of 25 youth workers and educators from\u00a0communities around the Euro- Mediterranean area for a six days interactive training course that\u00a0will explore the challenges of a meaningful intercultural dialogue and will develop youth work\u00a0educational methodologies based on the principles of Human Rights and intercultural citizenship\u00a0education.<\/p>\n<p><strong>Profile of the participants<\/strong><br \/>\nThe course is designed for a group for twenty-five educators, trainers and youth workers who already have some experience in the youth field and want to develop their competences\u00a0promoting intercultural dialogue and human rights education through youth work.<br \/>\nParticipants from Estonia, Czech Republic, Turkey, Catalonia, Jordan, Lebanon, Italy and\u00a0Bulgaria are welcomed to apply.\u00a0Participants should be ready for an intercultural experience and interested in developing\u00a0strategies supporting learning development aiming at fostering civic and human rights. Attending\u00a0participants should be willing to become agents of change in their organisations and\u00a0communities.<br \/>\nParticipants will be selected by the preparatory team according to their Application form,\u00a0background and potential to develop concrete follow-up will specially taken into account. The\u00a0selection will ensure to have a group with organisational and geographical diversity and gender\u00a0balance.<\/p>\n<p>&nbsp;<\/p>\n","protected":false},"excerpt":{"rendered":"<p>Association of Educators in Human Rights (AHEAD)\u00a0taraf\u0131ndan organize edilen,\u00a0&#8220;Expressions in Dialogue&#8221; isimli EuroMed K\u00fclt\u00fcrleraras\u0131 Diyalog kursu projesi i\u00e7in 3 kat\u0131l\u0131mc\u0131 aranmaktad\u0131r. Gen\u00e7lik \u00e7al\u0131\u015fmalar\u0131nda Avrupa-Akdeniz k\u00fclt\u00fcrler aras\u0131 diyalog konulu e\u011fitim kursu projesi, 27 Eyl\u00fcl-3 Ekim\u00a02015 tarihleri [&hellip;]<\/p>\n","protected":false},"author":6,"featured_media":853,"comment_status":"open","ping_status":"open","sticky":false,"template":"","format":"standard","meta":{"spay_email":"","jetpack_publicize_message":"","jetpack_is_tweetstorm":false,"jetpack_publicize_feature_enabled":true},"categories":[1],"tags":[],"jetpack_featured_media_url":"https:\/\/i0.wp.com\/www.ronesans.org.tr\/v3\/wp-content\/uploads\/2015\/08\/ahead_cat_ver_hd.png?fit=400%2C262","jetpack_publicize_connections":[],"jetpack_sharing_enabled":true,"jetpack-related-posts":[{"id":873,"url":"http:\/\/www.ronesans.org.tr\/v3\/expressions-in-dialogue-projesi-katilimci-listesi\/","url_meta":{"origin":852,"position":0},"title":"Expressions in Dialogue Projesi Kat\u0131l\u0131mc\u0131 Listesi","date":"10 August 2015","format":false,"excerpt":"Association of Educators in Human Rights (AHEAD)\u00a0taraf\u0131ndan organize edilen,\u00a027 Eyl\u00fcl-3 Ekim\u00a02015 tarihleri aras\u0131nda Katalonya\u2019n\u0131n Tarragona ve Barselona \u015fehirlerinde ger\u00e7ekle\u015fecek\u201cExpressions in Dialogue\u201d isimli EuroMed K\u00fclt\u00fcrleraras\u0131 Diyalog e\u011fitim kursu projesine kat\u0131l\u0131m i\u00e7in ba\u015fvurular 10 A\u011fustos 2015 saat 17.00 itibariyle tamamlanm\u0131\u015ft\u0131r. Ald\u0131\u011f\u0131m\u0131z yakla\u015f\u0131k 200\u00a0ba\u015fvuru i\u00e7erisinden e\u011fitime kat\u0131lmaya hak kazanan ki\u015filerin isimlerini duyurmaktan dolay\u0131\u2026","rel":"","context":"In &quot;Announcements&quot;","img":{"alt_text":"","src":"https:\/\/i0.wp.com\/www.ronesans.org.tr\/v3\/wp-content\/uploads\/2015\/04\/a.png?fit=1050%2C1050&resize=350%2C200","width":350,"height":200},"classes":[]},{"id":1374,"url":"http:\/\/www.ronesans.org.tr\/v3\/tool-me-up-projesi-icin-katilimcilar-araniyor\/","url_meta":{"origin":852,"position":1},"title":"Tool M&amp;E Up! Projesi \u0130\u00e7in Kat\u0131l\u0131mc\u0131lar Aran\u0131yor","date":"28 March 2017","format":false,"excerpt":"21-28 May\u0131s 2017\/ 27 A\u011fustos- 2 Eyl\u00fcl 2017, Romania Proje \u00d6zeti Erasmus + kapsam\u0131nda 7 \u00fclkeden kat\u0131l\u0131m sa\u011flayacak partnerlerin ortak ihtiya\u00e7lar\u0131 g\u00f6z \u00f6n\u00fcnde bulundurularak haz\u0131rlanm\u0131\u015f olan Tool M&E Up! projesinde \u00fclkemizi R\u00f6nesans Enstit\u00fcs\u00fc Derne\u011fi temsil edecektir. Gen\u00e7ler i\u00e7in \u00f6\u011frenme etkinliklerinin tasarlanmas\u0131 ve uygulanmas\u0131 s\u00fcre\u00e7lerinin kalitesinin artt\u0131r\u0131lmas\u0131na y\u00f6nelik \u00e7al\u0131\u015fmalar\u0131n y\u00fcr\u00fct\u00fclece\u011fi projede,\u2026","rel":"","context":"In &quot;Announcements&quot;","img":{"alt_text":"","src":"https:\/\/i0.wp.com\/www.ronesans.org.tr\/v3\/wp-content\/uploads\/2017\/03\/monitoring.jpg?fit=900%2C450&resize=350%2C200","width":350,"height":200},"classes":[]},{"id":507,"url":"http:\/\/www.ronesans.org.tr\/v3\/sosyal-kampanya-proje-yonetimi-projesi-asistanligi-cagrisi\/","url_meta":{"origin":852,"position":2},"title":"Sosyal Kampanya Proje Y\u00f6netimi Projesi Asistanl\u0131\u011f\u0131 \u00c7a\u011fr\u0131s\u0131","date":"14 April 2015","format":false,"excerpt":"Sosyal Kampanya Y\u00f6netimi E\u011fitim Kursu Proje Ba\u015fvuru Asistanl\u0131\u011f\u0131 , Ankara Derne\u011fimizde geli\u015ftirilmekte olan Sosyal Kampanya Y\u00f6netimi konulu proje i\u00e7in g\u00f6n\u00fcll\u00fc asistan aranmaktad\u0131r. Uygun motivasyona sahip asistan belirtilen \u00f6\u011frenme hedeflerine ula\u015fma imkan\u0131 elde edebilecektir. \u00d6\u011frenme hedefleri: Avrupa Birli\u011fi Erasmus + program\u0131 hedefleri bilgisi E\u011fitim kursu faaliyet ak\u0131\u015f\u0131 tasarlama bilgisi Proje ortakl\u0131k\u2026","rel":"","context":"In &quot;Announcements&quot;","img":{"alt_text":"","src":"https:\/\/i0.wp.com\/www.ronesans.org.tr\/v3\/wp-content\/uploads\/2015\/04\/keep-calm-and-let-the-assistant-manager-handle-it-1.png?fit=1029%2C1200&resize=350%2C200","width":350,"height":200},"classes":[]},{"id":561,"url":"http:\/\/www.ronesans.org.tr\/v3\/growing-up-tolerance-destroying-exclusion-projesi-katilimci-basvurusu-sonuclari\/","url_meta":{"origin":852,"position":3},"title":"Growing Up Tolerance, Destroying Exclusion Projesi Kat\u0131l\u0131mc\u0131 Ba\u015fvurusu Sonu\u00e7lar\u0131","date":"29 April 2015","format":false,"excerpt":"R\u00f6nesans Enstit\u00fcs\u00fc Derne\u011fi\u2019nin orta\u011f\u0131 oldu\u011fu Youth Line taraf\u0131ndan organize edilen sosyal dahil etme konulu 11-19 Haziran 2015 tarihleri aras\u0131nda Letonya\u2019n\u0131n Liepaja kentinde ger\u00e7ekle\u015fecek\u00a0\u201cGrowing Up Tolerance, Destroying Exclusion\u201d e\u011fitim kursu projesine kat\u0131l\u0131m i\u00e7in ba\u015fvurular 28 Nisan 2015 saat 19.00 itibariyle tamamlanm\u0131\u015ft\u0131r. Ald\u0131\u011f\u0131m\u0131z onlarca ba\u015fvuru i\u00e7erisinden e\u011fitime kat\u0131lmaya hak kazanan ki\u015filerin isimlerini\u2026","rel":"","context":"In &quot;Announcements&quot;","img":{"alt_text":"","src":"https:\/\/i0.wp.com\/www.ronesans.org.tr\/v3\/wp-content\/uploads\/2015\/04\/a.png?fit=1050%2C1050&resize=350%2C200","width":350,"height":200},"classes":[]},{"id":559,"url":"http:\/\/www.ronesans.org.tr\/v3\/increasing-competence-developing-capacity-projesi-katilimci-basvurusu-sonuclari\/","url_meta":{"origin":852,"position":4},"title":"Increasing Competence, Developing Capacity Projesi Kat\u0131l\u0131mc\u0131 Ba\u015fvurusu Sonu\u00e7lar\u0131","date":"27 April 2015","format":false,"excerpt":"R\u00f6nesans Enstit\u00fcs\u00fc Derne\u011fi\u2019nin orta\u011f\u0131 oldu\u011fu Youth Line taraf\u0131ndan organize edilen istihdam, liderlik ve sosyal beceriler konulu 2-10 Haziran 2015 tarihleri aras\u0131nda Letonya\u2019n\u0131n Liepaja kentinde ger\u00e7ekle\u015fecek \u201cIncreasing Competence, Developing Capacity\u201d e\u011fitim kursu projesine kat\u0131l\u0131m i\u00e7in ba\u015fvurular 26 Nisan2015 saat 19.00 itibariyle tamamlanm\u0131\u015ft\u0131r. Ald\u0131\u011f\u0131m\u0131z onlarca ba\u015fvuru i\u00e7erisinden e\u011fitime kat\u0131lmaya hak kazanan ki\u015filerin\u2026","rel":"","context":"In &quot;Announcements&quot;","img":{"alt_text":"","src":"https:\/\/i0.wp.com\/www.ronesans.org.tr\/v3\/wp-content\/uploads\/2014\/07\/1546057_584718038281349_499500202_n.jpg?fit=465%2C470&resize=350%2C200","width":350,"height":200},"classes":[]},{"id":258,"url":"http:\/\/www.ronesans.org.tr\/v3\/baltic-way-for-peace-projesi-katilimci-basvurusu-sonuclari\/","url_meta":{"origin":852,"position":5},"title":"Baltic Way for Peace Projesi Kat\u0131l\u0131mc\u0131 Ba\u015fvurusu Sonu\u00e7lar\u0131","date":"26 July 2014","format":false,"excerpt":"R\u00f6nesans Enstit\u00fcs\u00fc, 18-25 Eyl\u00fcl 2014 tarihlerinde Letonya'n\u0131n Riga \u015fehrinde ger\u00e7ekle\u015fecek olan \u201cBaltic Way for Peace\u201d isimli gen\u00e7lik \u00e7al\u0131\u015fanlar\u0131 ve liderlerine y\u00f6nelik e\u011fitim kursu i\u00e7in ba\u015flatt\u0131\u011f\u0131m\u0131z ba\u015fvuru s\u00fcreci sonlanm\u0131\u015ft\u0131r. Bu do\u011frultuda 2 asil ve 1 yedek kat\u0131l\u0131mc\u0131 belirlenmi\u015ftir. Ba\u015fvurular\u0131 onaylanm\u0131\u015f arkada\u015flar\u0131m\u0131z\u0131 tebrik eder, ilgileriniz i\u00e7in te\u015fekk\u00fcr ederiz. * AS\u0130L * Mehmet\u2026","rel":"","context":"In &quot;Announcements&quot;","img":{"alt_text":"","src":"https:\/\/i0.wp.com\/www.ronesans.org.tr\/v3\/wp-content\/uploads\/2014\/07\/pr_01_619_min.jpg?fit=240%2C222&resize=350%2C200","width":350,"height":200},"classes":[]}],"_links":{"self":[{"href":"http:\/\/www.ronesans.org.tr\/v3\/wp-json\/wp\/v2\/posts\/852"}],"collection":[{"href":"http:\/\/www.ronesans.org.tr\/v3\/wp-json\/wp\/v2\/posts"}],"about":[{"href":"http:\/\/www.ronesans.org.tr\/v3\/wp-json\/wp\/v2\/types\/post"}],"author":[{"embeddable":true,"href":"http:\/\/www.ronesans.org.tr\/v3\/wp-json\/wp\/v2\/users\/6"}],"replies":[{"embeddable":true,"href":"http:\/\/www.ronesans.org.tr\/v3\/wp-json\/wp\/v2\/comments?post=852"}],"version-history":[{"count":2,"href":"http:\/\/www.ronesans.org.tr\/v3\/wp-json\/wp\/v2\/posts\/852\/revisions"}],"predecessor-version":[{"id":855,"href":"http:\/\/www.ronesans.org.tr\/v3\/wp-json\/wp\/v2\/posts\/852\/revisions\/855"}],"wp:featuredmedia":[{"embeddable":true,"href":"http:\/\/www.ronesans.org.tr\/v3\/wp-json\/wp\/v2\/media\/853"}],"wp:attachment":[{"href":"http:\/\/www.ronesans.org.tr\/v3\/wp-json\/wp\/v2\/media?parent=852"}],"wp:term":[{"taxonomy":"category","embeddable":true,"href":"http:\/\/www.ronesans.org.tr\/v3\/wp-json\/wp\/v2\/categories?post=852"},{"taxonomy":"post_tag","embeddable":true,"href":"http:\/\/www.ronesans.org.tr\/v3\/wp-json\/wp\/v2\/tags?post=852"}],"curies":[{"name":"wp","href":"https:\/\/api.w.org\/{rel}","templated":true}]}}