{"id":917,"date":"2015-09-13T21:08:07","date_gmt":"2015-09-13T18:08:07","guid":{"rendered":"http:\/\/renaissanceinstitute.eu\/v1\/?p=917"},"modified":"2015-09-13T21:08:24","modified_gmt":"2015-09-13T18:08:24","slug":"refugee-projesi-katilimci-sonuclari","status":"publish","type":"post","link":"http:\/\/www.ronesans.org.tr\/v3\/refugee-projesi-katilimci-sonuclari\/","title":{"rendered":"Refugee Projesi Kat\u0131l\u0131mc\u0131 Sonu\u00e7lar\u0131"},"content":{"rendered":"<p>1 \u015eubat 2016-1 Aral\u0131k 2016 tarihleri aras\u0131nda\u00a0Critas Sofia, CVS Bulgaria, Red-Cross ve UNHCR ortakl\u0131\u011f\u0131 ile Bulgaristan&#8217;\u0131n\u00a0Sofya \u015fehrinde s\u0131\u011f\u0131nmac\u0131 ve g\u00f6\u00e7menler i\u00e7in e\u011fitsel faaliyetlere sahip Refugee Projesinin kat\u0131l\u0131mc\u0131s\u0131 yap\u0131lan m\u00fclakatlar sonucunda belirlenmi\u015ftir.<\/p>\n<p>Avrupa G\u00f6n\u00fcll\u00fc Hizmeti projesinde 10 ay g\u00f6n\u00fcll\u00fc hizmette bulunacak kat\u0131l\u0131mc\u0131m\u0131z\u00a0<strong>Fatma Berna \u00c7etinalp&#8217;<\/strong>a ba\u015far\u0131lar dileriz.<\/p>\n<p>&nbsp;<\/p>\n<p>&nbsp;<\/p>\n","protected":false},"excerpt":{"rendered":"<p>1 \u015eubat 2016-1 Aral\u0131k 2016 tarihleri aras\u0131nda\u00a0Critas Sofia, CVS Bulgaria, Red-Cross ve UNHCR ortakl\u0131\u011f\u0131 ile Bulgaristan&#8217;\u0131n\u00a0Sofya \u015fehrinde s\u0131\u011f\u0131nmac\u0131 ve g\u00f6\u00e7menler i\u00e7in e\u011fitsel faaliyetlere sahip Refugee Projesinin kat\u0131l\u0131mc\u0131s\u0131 yap\u0131lan m\u00fclakatlar sonucunda belirlenmi\u015ftir. Avrupa G\u00f6n\u00fcll\u00fc Hizmeti projesinde [&hellip;]<\/p>\n","protected":false},"author":6,"featured_media":562,"comment_status":"open","ping_status":"open","sticky":false,"template":"","format":"standard","meta":{"spay_email":"","jetpack_publicize_message":"","jetpack_is_tweetstorm":false,"jetpack_publicize_feature_enabled":true},"categories":[2,1],"tags":[],"jetpack_featured_media_url":"https:\/\/i0.wp.com\/www.ronesans.org.tr\/v3\/wp-content\/uploads\/2015\/04\/a.png?fit=1050%2C1050","jetpack_publicize_connections":[],"jetpack_sharing_enabled":true,"jetpack-related-posts":[{"id":978,"url":"http:\/\/www.ronesans.org.tr\/v3\/siginmaci-ve-gocmenlerle-dayanisma-konulu-agh-projemiz-kabul-edildi\/","url_meta":{"origin":917,"position":0},"title":"S\u0131\u011f\u0131nmac\u0131 ve G\u00f6\u00e7menlerle Dayan\u0131\u015fma Konulu AGH Projemiz Kabul Edildi","date":"16 December 2015","format":false,"excerpt":"R\u00f6nesans Enstit\u00fcs\u00fc, Critas Sofia ve CVS Bulgaria ortakl\u0131\u011f\u0131nda Bulgaristan'\u0131n Sofya kentinde s\u0131\u011f\u0131nmac\u0131lar ve g\u00f6\u00e7menler i\u00e7in y\u00fcr\u00fct\u00fclen e\u011fitsel faaliyetlerde g\u00f6rev almak \u00fczere uzun d\u00f6nem Avrupa G\u00f6n\u00fcll\u00fc Hizmeti kapsam\u0131nda g\u00f6n\u00fcll\u00fc g\u00f6ndermek \u00fczere ba\u015fvurusu yap\u0131lan projemiz Bulgaristan Ulusal Ajans\u0131 taraf\u0131ndan kabul edilmi\u015ftir. Critas Sofia, CVS Bulgaria, Red-Cross ve UNHCR ortakl\u0131\u011f\u0131 ile Sofya'da s\u0131\u011f\u0131nmac\u0131\u2026","rel":"","context":"In &quot;News&quot;","img":{"alt_text":"","src":"https:\/\/i0.wp.com\/www.ronesans.org.tr\/v3\/wp-content\/uploads\/2015\/08\/10433159_906982349342596_3727362253923150103_n.jpg?fit=300%2C331&resize=350%2C200","width":350,"height":200},"classes":[]},{"id":867,"url":"http:\/\/www.ronesans.org.tr\/v3\/siginmacilar-ve-gocmenlere-yonelik-egitsel-faaliyetlerde-gorev-almak-isteyen-agh-gonullusu-araniyor\/","url_meta":{"origin":917,"position":1},"title":"S\u0131\u011f\u0131nmac\u0131lar ve G\u00f6\u00e7menlere Y\u00f6nelik E\u011fitsel Faaliyetlerde G\u00f6rev Almak \u0130steyen AGH G\u00f6n\u00fcll\u00fcs\u00fc Aran\u0131yor","date":"21 August 2015","format":false,"excerpt":"R\u00f6nesans Enstit\u00fcs\u00fc, Critas Sofia ve CVS Bulgaria ortakl\u0131\u011f\u0131nda Bulgaristan'\u0131n Sofya kentinde s\u0131\u011f\u0131nmac\u0131lar ve g\u00f6\u00e7menler i\u00e7in y\u00fcr\u00fct\u00fclen e\u011fitsel faaliyetlerde g\u00f6rev almak \u00fczere uzun d\u00f6nem Avrupa G\u00f6n\u00fcll\u00fc Hizmeti kapsam\u0131nda g\u00f6n\u00fcll\u00fc g\u00f6ndermek \u00fczere yetkilendirilmi\u015ftir. Critas Sofia, CVS Bulgaria, Red-Cross ve UNHCR ortakl\u0131\u011f\u0131 ile Sofya'da s\u0131\u011f\u0131nmac\u0131 ve g\u00f6\u00e7menler i\u00e7in e\u011fitsel faaliyetler d\u00fczenlenen 3 merkeze\u2026","rel":"","context":"In &quot;Announcements&quot;","img":{"alt_text":"","src":"https:\/\/i0.wp.com\/www.ronesans.org.tr\/v3\/wp-content\/uploads\/2015\/08\/10433159_906982349342596_3727362253923150103_n.jpg?fit=300%2C331&resize=350%2C200","width":350,"height":200},"classes":[]},{"id":914,"url":"http:\/\/www.ronesans.org.tr\/v3\/the-refugee-projesi-katilimci-basvurulari\/","url_meta":{"origin":917,"position":2},"title":"The Refugee Projesi Kat\u0131l\u0131mc\u0131 Ba\u015fvurular\u0131","date":"1 September 2015","format":false,"excerpt":"Critas Sofia ve CVS Bulgaria ortakl\u0131\u011f\u0131nda Bulgaristan\u2019\u0131n Sofya kentinde s\u0131\u011f\u0131nmac\u0131 ve g\u00f6\u00e7menlere y\u00f6nelik e\u011fitsel faaliyetlerde g\u00f6rev almak \u00fczere Avrupa G\u00f6n\u00fcll\u00fc Hizmeti program\u0131 g\u00f6n\u00fcll\u00fcs\u00fc olmak i\u00e7in ba\u015fvurular, 31 A\u011fustos 2015 saat 17.00'de sona ermi\u015ftir. Yap\u0131lan ba\u015fvurular i\u00e7erisinden k\u0131sa listede yer alan adaylar\u0131m\u0131z\u0131n isimleri alfabetik s\u0131rayla: Cemile \u00c7ak\u0131r Derya Demiro\u011flu Fatma Berna\u2026","rel":"","context":"In &quot;News&quot;","img":{"alt_text":"","src":"https:\/\/i0.wp.com\/www.ronesans.org.tr\/v3\/wp-content\/uploads\/2015\/08\/10433159_906982349342596_3727362253923150103_n.jpg?fit=300%2C331&resize=350%2C200","width":350,"height":200},"classes":[]},{"id":734,"url":"http:\/\/www.ronesans.org.tr\/v3\/agh-gonullu-basvuru-ve-bilgi-edinme-sistemi\/","url_meta":{"origin":917,"position":3},"title":"AGH G\u00f6n\u00fcll\u00fc Ba\u015fvuru ve Bilgi Edinme Sistemi","date":"15 June 2015","format":false,"excerpt":"R\u00f6nesans Enstit\u00fcs\u00fc Derne\u011fi, Avrupa G\u00f6n\u00fcll\u00fc Hizmeti (AGH) faaliyetlerinde kullan\u0131lmak \u00fczere bir elektronik sistem haz\u0131rlad\u0131. \u00a0Bu sistem; AGH'ye gitmek isteyen\u00a0gencin program hakk\u0131nda bilgi alabilmesi veya zaten bilgi sahibiyse, ba\u015fvurunun hangi a\u015famas\u0131nda oldu\u011funu bilmesi ve ilgili ad\u0131mlar\u0131 takip edebilmesi amac\u0131yla yap\u0131ld\u0131. Sistemi kullanmak i\u00e7in t\u0131klay\u0131n\u0131z: http:\/\/goo.gl\/yjevmr \u00a0","rel":"","context":"In &quot;Announcements&quot;","img":{"alt_text":"Avrupa G\u00f6n\u00fcll\u00fc Hizmeti","src":"https:\/\/i0.wp.com\/www.ronesans.org.tr\/v3\/wp-content\/uploads\/2015\/06\/a8f15eda80c50adb0e71943adc8015cf_kecioren_belediyesi_151.png?fit=525%2C420&resize=350%2C200","width":350,"height":200},"classes":[]},{"id":1397,"url":"http:\/\/www.ronesans.org.tr\/v3\/arnavutlukta-yaz-kampi-ve-gonullu-faaliyet\/","url_meta":{"origin":917,"position":4},"title":"Arnavutlukta Yaz Kamp\u0131 ve G\u00f6n\u00fcll\u00fc Faaliyet \u0130mkan\u0131","date":"30 May 2017","format":false,"excerpt":"Arnavutluk'ta hem yaz kamp\u0131 hem de \u00e7ocuklarla e\u011flenceli bir g\u00f6n\u00fcll\u00fc faaliyet ger\u00e7ekle\u015ftirmek isteyenler i\u00e7in bu y\u0131l onuncusu d\u00fczenlenen\u00a0Albania Summer Camp 2017'\u0131 sizlerle payla\u015fmak istiyoruz. Yeni arkada\u015flar edinebilece\u011finiz bu kampta Arnavutluk'un yedi farkl\u0131 turistik \u015fehrini gezerken Arnavutluk ve farkl\u0131 \u00fclkelerden gelecek kat\u0131l\u0131mc\u0131lar ile k\u00fclt\u00fcrel de\u011fi\u015fim imkan\u0131 bulacaks\u0131n\u0131z. Bunun yan\u0131nda kampta baz\u0131\u2026","rel":"","context":"In &quot;Announcements&quot;","img":{"alt_text":"","src":"","width":0,"height":0},"classes":[]},{"id":341,"url":"http:\/\/www.ronesans.org.tr\/v3\/erasmus-genclik-programinda-hedef-ve-oncelikler\/","url_meta":{"origin":917,"position":5},"title":"Erasmus+ Gen\u00e7lik Program\u0131&#8217;nda Hedef ve \u00d6ncelikler","date":"26 November 2014","format":false,"excerpt":"Merhaba, 2007-2013 y\u0131llar\u0131 aras\u0131nda uygulanan AB Gen\u00e7lik Program\u0131'n\u0131n y\u0131ll\u0131k olarak yay\u0131nlanan Gen\u00e7lik Program\u0131 Klavuzlar\u0131'nda detayl\u0131ca a\u00e7\u0131klanm\u0131\u015f olan hedef ve \u00f6ncelikler b\u00f6l\u00fcm\u00fcn\u00fcn Erasmus+ klavuzlar\u0131nda yer almad\u0131\u011f\u0131 hepimizin dikkatini \u00e7ekmi\u015ftir. Esasen klavuzun giri\u015f b\u00f6l\u00fcm\u00fcnde Avrupa Komisyonu'nun stratejisinden bahsetmekle birlikte eski klavuzlarda yazd\u0131\u011f\u0131 gibi Avrupa Vatanda\u015fl\u0131\u011f\u0131, Gen\u00e7lerin Kat\u0131l\u0131m\u0131 gibi ba\u015fl\u0131klar bu yeni klavuzlarda\u2026","rel":"","context":"In &quot;Publications&quot;","img":{"alt_text":"","src":"https:\/\/i0.wp.com\/www.ronesans.org.tr\/v3\/wp-content\/uploads\/2014\/11\/2020.png?fit=811%2C471&resize=350%2C200","width":350,"height":200},"classes":[]}],"_links":{"self":[{"href":"http:\/\/www.ronesans.org.tr\/v3\/wp-json\/wp\/v2\/posts\/917"}],"collection":[{"href":"http:\/\/www.ronesans.org.tr\/v3\/wp-json\/wp\/v2\/posts"}],"about":[{"href":"http:\/\/www.ronesans.org.tr\/v3\/wp-json\/wp\/v2\/types\/post"}],"author":[{"embeddable":true,"href":"http:\/\/www.ronesans.org.tr\/v3\/wp-json\/wp\/v2\/users\/6"}],"replies":[{"embeddable":true,"href":"http:\/\/www.ronesans.org.tr\/v3\/wp-json\/wp\/v2\/comments?post=917"}],"version-history":[{"count":1,"href":"http:\/\/www.ronesans.org.tr\/v3\/wp-json\/wp\/v2\/posts\/917\/revisions"}],"predecessor-version":[{"id":918,"href":"http:\/\/www.ronesans.org.tr\/v3\/wp-json\/wp\/v2\/posts\/917\/revisions\/918"}],"wp:featuredmedia":[{"embeddable":true,"href":"http:\/\/www.ronesans.org.tr\/v3\/wp-json\/wp\/v2\/media\/562"}],"wp:attachment":[{"href":"http:\/\/www.ronesans.org.tr\/v3\/wp-json\/wp\/v2\/media?parent=917"}],"wp:term":[{"taxonomy":"category","embeddable":true,"href":"http:\/\/www.ronesans.org.tr\/v3\/wp-json\/wp\/v2\/categories?post=917"},{"taxonomy":"post_tag","embeddable":true,"href":"http:\/\/www.ronesans.org.tr\/v3\/wp-json\/wp\/v2\/tags?post=917"}],"curies":[{"name":"wp","href":"https:\/\/api.w.org\/{rel}","templated":true}]}}