{"id":965,"date":"2015-11-12T15:12:35","date_gmt":"2015-11-12T13:12:35","guid":{"rendered":"http:\/\/renaissanceinstitute.eu\/v1\/?p=965"},"modified":"2015-11-12T15:12:35","modified_gmt":"2015-11-12T13:12:35","slug":"5-yillik-schengen-vizesi-cok-girisli","status":"publish","type":"post","link":"https:\/\/www.ronesans.org.tr\/v3\/5-yillik-schengen-vizesi-cok-girisli\/","title":{"rendered":"5 Y\u0131ll\u0131k Schengen Vizesi (\u00c7ok Giri\u015fli)"},"content":{"rendered":"<p>Bu yaz\u0131 uzun d\u00f6nem vize ba\u015fvurusu yapmak isteyen vatanda\u015flar\u0131m\u0131z\u0131n bilgilendirilmesi i\u00e7in haz\u0131rlanm\u0131\u015ft\u0131r.<\/p>\n<p>De\u011ferli takip\u00e7ilerimiz bug\u00fcn bir \u00fcyemiz \u00e7ok giri\u015fli 5 y\u0131ll\u0131k Schengen Vizesi alm\u0131\u015ft\u0131r. Dernek olarak vizenin tamamen kald\u0131r\u0131lmas\u0131n\u0131n yan\u0131nday\u0131z ve bu konudaki kampanyam\u0131z devam ediyor. Bununla birlikte bir \u00e7ok vatanda\u015f\u0131m\u0131z\u0131n vize sorununu ge\u00e7ici de olsa \u00e7\u00f6zmek ad\u0131na uzun s\u00fcreli vize alabilmenin yolu hakk\u0131nda bilgiyi kamuoyuna payla\u015fman\u0131n faydal\u0131 olaca\u011f\u0131n\u0131 d\u00fc\u015f\u00fcn\u00fcyoruz.<\/p>\n<p>Vizesiz Avrupa Kampanya linklerimiz:<\/p>\n<p><a href=\"https:\/\/www.facebook.com\/novisayouth\/?fref=ts\">https:\/\/www.facebook.com\/novisayouth\/?fref=ts<\/a><\/p>\n<p><a href=\"http:\/\/l.facebook.com\/l.php?u=http%3A%2F%2Fno-visa.com%2Fv1%2F%3Flang%3Dtr_TR&amp;h=IAQEUNboP&amp;s=1\" target=\"_blank\" rel=\"nofollow\">http:\/\/no-visa.com\/v1\/?lang=tr_TR<\/a><\/p>\n<p><a href=\"https:\/\/www.facebook.com\/groups\/novisa\/\">https:\/\/www.facebook.com\/groups\/novisa\/<\/a><\/p>\n<p><a href=\"http:\/\/l.facebook.com\/l.php?u=http%3A%2F%2Fnovisa.youthvoice.eu%2F&amp;h=tAQGoKhll&amp;s=1\" target=\"_blank\" rel=\"nofollow\">http:\/\/novisa.youthvoice.eu\/<\/a><\/p>\n<p>Azami 5 y\u0131ll\u0131k vize hakk\u0131n\u0131n hukuki dayana\u011f\u0131 AB&#8217;nin &#8220;Visa Code&#8221; d\u00fczenlemesidir. \u0130lgili link:<a href=\"http:\/\/l.facebook.com\/l.php?u=http%3A%2F%2Feur-lex.europa.eu%2Flegal-content%2FEN%2FTXT%2F%3Furi%3DURISERV%253Ajl0028&amp;h=dAQHSF_RX&amp;s=1\" target=\"_blank\" rel=\"nofollow\">http:\/\/eur-lex.europa.eu\/legal-content\/EN\/TXT\/?uri=URISERV:jl0028<\/a><\/p>\n<p>Vize ba\u015fvuru d\u00f6k\u00fcmanlar\u0131n\u0131za ek olarak 5 y\u0131l i\u00e7inde bir AB \u00fcyesi \u00fclkedeki kurum ile \u00e7al\u0131\u015fma yapaca\u011f\u0131n\u0131za dair o kurumdan davet yaz\u0131s\u0131n\u0131 verilmesi gerekmektedir.<\/p>\n<p>Ayr\u0131ca ba\u015fvuru esnas\u0131nda derne\u011fimizin sivil toplum diyalo\u011fu konusunda yapt\u0131\u011f\u0131 \u00e7al\u0131\u015fmalardan, \u00fcyemizin AB \u00fclkelerine s\u0131k ziyaretlerinden ve Visa Code&#8217;tan bahseden bir destek yaz\u0131s\u0131 da sunulmu\u015ftur. Sivil toplum \u00e7al\u0131\u015fmalar\u0131 olanlara derneklerinden destek yaz\u0131s\u0131 almalar\u0131n\u0131 \u00f6neriyoruz.<\/p>\n<p>Son olarak \u00fcyemizin konsoloslu\u011fa ba\u015fvuruda verdi\u011fi yaz\u0131s\u0131n\u0131 da a\u015fa\u011f\u0131daki gibi payla\u015f\u0131yoruz.<\/p>\n<p>Dear Madam\/Sir<\/p>\n<p>Subject: Visa application<\/p>\n<p>I\u2019m writing regarding my multi-entry visa application with a maximum validity. I\u2019m full time employed in Hacettepe University and board member of a non-governmental organization called Association of Renaissance Institute.<\/p>\n<p>Together with my application, I send corroborative documentation verifying my employment with Hacettepe University and invitations by organizations from EU countries related to cooperation with Association of Renaissance Institute.<\/p>\n<p>Both of my responsibility often requires short term visits not more than a week in EU territory. I would be very gratefull if you would consider applying for visa so often hinders my cooperation with EU organisations because of being time consuming.<\/p>\n<p>I would very much appreciate your contribution to my effort for saving time for a better partnreship with organisaitons from EU countries.<\/p>\n<p>Yours faithfully.<\/p>\n","protected":false},"excerpt":{"rendered":"<p>Bu yaz\u0131 uzun d\u00f6nem vize ba\u015fvurusu yapmak isteyen vatanda\u015flar\u0131m\u0131z\u0131n bilgilendirilmesi i\u00e7in haz\u0131rlanm\u0131\u015ft\u0131r. De\u011ferli takip\u00e7ilerimiz bug\u00fcn bir \u00fcyemiz \u00e7ok giri\u015fli 5 y\u0131ll\u0131k Schengen Vizesi alm\u0131\u015ft\u0131r. Dernek olarak vizenin tamamen kald\u0131r\u0131lmas\u0131n\u0131n yan\u0131nday\u0131z ve bu konudaki kampanyam\u0131z devam [&hellip;]<\/p>\n","protected":false},"author":6,"featured_media":215,"comment_status":"open","ping_status":"open","sticky":false,"template":"","format":"standard","meta":{"spay_email":"","jetpack_publicize_message":"","jetpack_is_tweetstorm":false,"jetpack_publicize_feature_enabled":true},"categories":[1,4],"tags":[155],"jetpack_featured_media_url":"https:\/\/i0.wp.com\/www.ronesans.org.tr\/v3\/wp-content\/uploads\/2014\/07\/logo-youthvoice-e1406207924120.png?fit=145%2C150&ssl=1","jetpack_publicize_connections":[],"jetpack_sharing_enabled":true,"jetpack-related-posts":[{"id":2163,"url":"https:\/\/www.ronesans.org.tr\/v3\/avrupanin-vize-engeli-yunanistan-schengen-vize-basvurusu\/","url_meta":{"origin":965,"position":0},"title":"Avrupa&#8217;n\u0131n vize engeli: Yunanistan Schengen Vize Ba\u015fvurusu","date":"26 April 2022","format":false,"excerpt":"Avrupa'n\u0131n T\u00fcrk vatanda\u015flar\u0131 i\u00e7in uygulad\u0131\u011f\u0131 vize engeli sivil toplum diyalo\u011funun \u00f6n\u00fcnde engel olmaya devam ediyor. Vize deneyimlerimi payla\u015ft\u0131\u011f\u0131m bu yaz\u0131 Yunanistan Schengen vize ba\u015fvurusu yapmak isteyen vatanda\u015flar i\u00e7in faydal\u0131 olabilir. \u0130lk vize ba\u015fvurumu Erasmus \u00f6\u011frencisi olarak 2007'de yapm\u0131\u015ft\u0131m. Benim vize hikayem de Portekiz konsoloslu\u011funa ba\u015fvurdu\u011fumda g\u00fcvenlik taraf\u0131ndan uzakla\u015ft\u0131r\u0131lmam ile ba\u015flad\u0131.\u2026","rel":"","context":"In &quot;Haberler&quot;","img":{"alt_text":"","src":"","width":0,"height":0},"classes":[]},{"id":2216,"url":"https:\/\/www.ronesans.org.tr\/v3\/yunanistan-schengen-vize-deneyimi\/","url_meta":{"origin":965,"position":1},"title":"Yunanistan Schengen Vize Deneyimi","date":"10 May 2022","format":false,"excerpt":"\u00a0 Avrupa\u2019n\u0131n vize engeli: Yunanistan Schengen Vize Ba\u015fvurusu Bir\u00e7ok \u00f6\u011frenci gibi benim de hayallerimden biri yurtd\u0131\u015f\u0131na \u00e7\u0131kmak yeni yerler ve yeni bir k\u00fclt\u00fcr tan\u0131makt\u0131. \u0130lk yurtd\u0131\u015f\u0131 deneyimim Sri Lanka olmu\u015ftu online vize ba\u015fvurusu yapm\u0131\u015ft\u0131m s\u00fcre\u00e7 gayet kolay ve keyifli ge\u00e7mi\u015fti. \u015eimdi Erasmus + kapsam\u0131nda bir proje ile Yunanistan i\u00e7in ba\u015fvuru\u2026","rel":"","context":"In &quot;Duyurular&quot;","img":{"alt_text":"","src":"","width":0,"height":0},"classes":[]},{"id":319,"url":"https:\/\/www.ronesans.org.tr\/v3\/genclik-kurulusu-mu-turizm-acentasi-mi\/","url_meta":{"origin":965,"position":2},"title":"Gen\u00e7lik Kurulu\u015fu mu Turizm Acentas\u0131 m\u0131","date":"7 November 2014","format":false,"excerpt":"Merhabalar, Erasmus+ Program\u0131 ve programa ili\u015fkin ilk k\u0131lavuz bildi\u011finiz gibi Aral\u0131k 2013\u2019te yay\u0131nlanm\u0131\u015f ve Avrupa Komisyonu\u2019nun bu kadar gecikmesi gen\u00e7lik kurulu\u015flar\u0131n\u0131n tepkilerine yol a\u00e7m\u0131\u015ft\u0131. Oysa tek geciken Komisyon de\u011fildi. Ulusal Ajanslar yeniden yap\u0131lanma s\u00fcre\u00e7leri ve program k\u0131lavuzunda net olmayan konular\u0131 yeterince tart\u0131\u015fma f\u0131rsat\u0131 bulamadan ilk ba\u015fvuru tarihi gelip \u00e7atm\u0131\u015f oldu.\u2026","rel":"","context":"In &quot;Publications&quot;","img":{"alt_text":"","src":"https:\/\/i0.wp.com\/www.ronesans.org.tr\/v3\/wp-content\/uploads\/2014\/11\/10943707_10153063156624233_6214116037674963349_o.jpg?fit=851%2C315&ssl=1&resize=350%2C200","width":350,"height":200},"classes":[]},{"id":1202,"url":"https:\/\/www.ronesans.org.tr\/v3\/ohal-sebebi-ile-havalimaninda-uygulanan-yurtdisina-cikis-prosedurleri\/","url_meta":{"origin":965,"position":3},"title":"OHAL SEBEB\u0130 \u0130LE HAVAL\u0130MANINDA UYGULANAN YURTDI\u015eINA \u00c7IKI\u015e PROSED\u00dcRLER\u0130","date":"23 July 2016","format":false,"excerpt":"1) Normal pasaportlu vatanda\u015flara pasaport kontrol\u00fc s\u0131ras\u0131nda yapt\u0131klar\u0131 i\u015f sorulmakta ve bunu kan\u0131tlayacak bir belge istenmektedir. Yanlar\u0131nda mutlaka i\u015fyeri kimli\u011fi veya i\u015fyerinden al\u0131nm\u0131\u015f bir yaz\u0131 olmas\u0131 gerekmektedir. \u0130\u015f verenler, sahip oldu\u011fu i\u015fyeri belgelerini yanlar\u0131nda bulundurmal\u0131d\u0131r. 2) Yurtd\u0131\u015f\u0131na \u00e7\u0131kmak isteyen \u00f6\u011frencilerden ise \u00f6\u011frenci belgesi talep edilebilmektedir. 3) Herhangi bir yerde \u00e7al\u0131\u015fm\u0131yorsan\u0131z\u2026","rel":"","context":"In &quot;Announcements&quot;","img":{"alt_text":"","src":"","width":0,"height":0},"classes":[]},{"id":1397,"url":"https:\/\/www.ronesans.org.tr\/v3\/arnavutlukta-yaz-kampi-ve-gonullu-faaliyet\/","url_meta":{"origin":965,"position":4},"title":"Arnavutlukta Yaz Kamp\u0131 ve G\u00f6n\u00fcll\u00fc Faaliyet \u0130mkan\u0131","date":"30 May 2017","format":false,"excerpt":"Arnavutluk'ta hem yaz kamp\u0131 hem de \u00e7ocuklarla e\u011flenceli bir g\u00f6n\u00fcll\u00fc faaliyet ger\u00e7ekle\u015ftirmek isteyenler i\u00e7in bu y\u0131l onuncusu d\u00fczenlenen\u00a0Albania Summer Camp 2017'\u0131 sizlerle payla\u015fmak istiyoruz. Yeni arkada\u015flar edinebilece\u011finiz bu kampta Arnavutluk'un yedi farkl\u0131 turistik \u015fehrini gezerken Arnavutluk ve farkl\u0131 \u00fclkelerden gelecek kat\u0131l\u0131mc\u0131lar ile k\u00fclt\u00fcrel de\u011fi\u015fim imkan\u0131 bulacaks\u0131n\u0131z. Bunun yan\u0131nda kampta baz\u0131\u2026","rel":"","context":"In &quot;Announcements&quot;","img":{"alt_text":"","src":"","width":0,"height":0},"classes":[]},{"id":142,"url":"https:\/\/www.ronesans.org.tr\/v3\/erasmus-plusta-degisen-genclik-programi\/","url_meta":{"origin":965,"position":5},"title":"Erasmus Plus&#8217;ta De\u011fi\u015fen Gen\u00e7lik Program\u0131","date":"14 July 2014","format":false,"excerpt":"Merhabalar, Ulusal Ajans ile yapt\u0131\u011f\u0131m bir ka\u00e7 g\u00f6r\u00fc\u015fmeden \u00e7\u0131kard\u0131\u011f\u0131m sonu\u00e7lar\u0131 payla\u015fmak istedim. \u00d6ncelikle ba\u015fvuru de\u011ferlendirmede illerin \u00e7e\u015ftilili\u011fi ilkesi ve ilk defa ba\u015fvuru yapanlara destek verme ilkesi kald\u0131r\u0131lm\u0131\u015f g\u00f6r\u00fcn\u00fcyor. Bu pek \u00e7ok arkada\u015f\u0131n can\u0131n\u0131 s\u0131kacak olabilir ama ben uzun vadede kalitenin artaca\u011f\u0131na, tek ki\u015filik STK'lar\u0131n kapanaca\u011f\u0131na ve tak\u0131m olarak \u00e7al\u0131\u015fman\u0131n \u00f6nem\u2026","rel":"","context":"In &quot;Publications&quot;","img":{"alt_text":"","src":"","width":0,"height":0},"classes":[]}],"_links":{"self":[{"href":"https:\/\/www.ronesans.org.tr\/v3\/wp-json\/wp\/v2\/posts\/965"}],"collection":[{"href":"https:\/\/www.ronesans.org.tr\/v3\/wp-json\/wp\/v2\/posts"}],"about":[{"href":"https:\/\/www.ronesans.org.tr\/v3\/wp-json\/wp\/v2\/types\/post"}],"author":[{"embeddable":true,"href":"https:\/\/www.ronesans.org.tr\/v3\/wp-json\/wp\/v2\/users\/6"}],"replies":[{"embeddable":true,"href":"https:\/\/www.ronesans.org.tr\/v3\/wp-json\/wp\/v2\/comments?post=965"}],"version-history":[{"count":1,"href":"https:\/\/www.ronesans.org.tr\/v3\/wp-json\/wp\/v2\/posts\/965\/revisions"}],"predecessor-version":[{"id":966,"href":"https:\/\/www.ronesans.org.tr\/v3\/wp-json\/wp\/v2\/posts\/965\/revisions\/966"}],"wp:featuredmedia":[{"embeddable":true,"href":"https:\/\/www.ronesans.org.tr\/v3\/wp-json\/wp\/v2\/media\/215"}],"wp:attachment":[{"href":"https:\/\/www.ronesans.org.tr\/v3\/wp-json\/wp\/v2\/media?parent=965"}],"wp:term":[{"taxonomy":"category","embeddable":true,"href":"https:\/\/www.ronesans.org.tr\/v3\/wp-json\/wp\/v2\/categories?post=965"},{"taxonomy":"post_tag","embeddable":true,"href":"https:\/\/www.ronesans.org.tr\/v3\/wp-json\/wp\/v2\/tags?post=965"}],"curies":[{"name":"wp","href":"https:\/\/api.w.org\/{rel}","templated":true}]}}